{"id":951,"date":"2020-06-03T12:01:28","date_gmt":"2020-06-03T10:01:28","guid":{"rendered":"https:\/\/allgeier-se.seowerk.net\/?p=951"},"modified":"2025-02-11T15:21:01","modified_gmt":"2025-02-11T14:21:01","slug":"allgeier-se-verschiebt-hauptversammlung","status":"publish","type":"post","link":"https:\/\/allgeier-se.seowerk.net\/de\/ad-hoc-mitteilungen\/allgeier-se-verschiebt-hauptversammlung\/","title":{"rendered":"Allgeier SE verschiebt Hauptversammlung"},"content":{"rendered":"<div class=\"break-word news_main\">\n<div style=\"text-align: justify\"><span style=\"font-size:11pt\"><span style=\"line-height:107%\"><span style=\"font-family:Calibri,sans-serif\"><i>M\u00fcnchen, 03.06.2020 &#8211; <\/i>Der Vorstand<i> <\/i>der Allgeier SE (ISIN DE000A2GS633, WKN A2GS63) hat in seiner heutigen Sitzung entschieden, die ordentliche Hauptversammlung nicht wie geplant f\u00fcr den 30. Juni 2020 einzuberufen, sondern in die zweite Jahresh\u00e4lfte zu verschieben. Damit macht die Allgeier SE von der entsprechenden EU-Verordnung zur Verl\u00e4ngerung der Frist f\u00fcr Hauptversammlungen von Europ\u00e4ischen Aktiengesellschaften Gebrauch.<\/span><\/span><\/span><\/p>\n<p><span style=\"font-size:11pt\"><span style=\"line-height:107%\"><span style=\"font-family:Calibri,sans-serif\">Hintergrund der Terminverschiebung ist neben den fortw\u00e4hrenden Einschr\u00e4nkungen durch die Ma\u00dfnahmen gegen die Verbreitung des SARS-CoV-2-Virus auch die geplante Abspaltung des in der Nagarro Gruppe geb\u00fcndelten internationalen Softwareentwicklungs- und Digitalisierungs-Gesch\u00e4fts. Der Vorstand erwartet, dass die Entscheidung \u00fcber die Abspaltung im sp\u00e4teren Jahresverlauf auf einer besseren Tatsachenbasis \u00fcber die Auswirkungen der Corona-Krise auf das Gesch\u00e4ft der Allgeier Gruppe und die Kapital- und Finanzm\u00e4rkte getroffen werden kann.<\/span><\/span><\/span><\/p>\n<p><span style=\"font-size:11pt\"><span style=\"line-height:107%\"><span style=\"font-family:Calibri,sans-serif\">Die geplante Abspaltung hat vor allem den Zweck, die Nagarro Gruppe sichtbarer am Kapitalmarkt zu positionieren und direkter mit der Peer Group der globalen Softwareentwicklungs- und Digitalisierungsunternehmen vergleichbar zu machen. Das eigenst\u00e4ndige Listing soll f\u00fcr die Nagarro Gruppe eine attraktivere Bewertung am Kapitalmarkt und den eigenst\u00e4ndigen Zugang zu Finanzierungsmitteln erm\u00f6glichen und auf diese Weise den weiteren Ausbau der Nagarro Gruppe st\u00e4rker unterst\u00fctzen.<\/span><\/span><\/span><\/p>\n<p><span style=\"font-size:11pt\"><span style=\"line-height:107%\"><span style=\"font-family:Calibri,sans-serif\">Aufgrund der aktuellen, durch die weltweite Verbreitung des SARS-CoV-2-Virus verursachten Krise herrscht nach wie vor erhebliche Unsicherheit \u00fcber das Ausma\u00df der Auswirkungen auf die Weltwirtschaft und die nachhaltige Stabilisierung der internationalen Kapital- und Finanzm\u00e4rkte. Auch wenn die Allgeier Gruppe in den ersten Monaten des Gesch\u00e4ftsjahres 2020 sehr gut performt hat, m\u00f6chte der Vorstand diesen f\u00fcr die Allgeier Gruppe weichenstellenden Schritt nicht in einer Phase der immer noch andauernden, erheblichen Unsicherheiten f\u00fcr den Gesch\u00e4ftsverlauf der Nagarro Gruppe, aber auch der verbleibenden Allgeier Gruppe ansto\u00dfen. Den neuen Termin f\u00fcr die ordentliche Hauptversammlung wird der Vorstand in den kommenden Wochen bekannt geben.<\/span><\/span><\/span><\/p>\n<p><span style=\"font-size:11pt\"><span style=\"line-height:107%\"><span style=\"font-family:Calibri,sans-serif\">Hinweise<\/span><\/span><\/span><br \/><span style=\"font-size:11pt\"><span style=\"line-height:107%\"><span style=\"font-family:Calibri,sans-serif\">Es wird darauf hingewiesen, dass alle Angaben und Aussagen f\u00fcr k\u00fcnftige Zeitr\u00e4ume auf Annahmen und Sch\u00e4tzungen beruhende Erwartungen des Vorstands darstellen. Die k\u00fcnftigen tats\u00e4chlichen Entwicklungen und die k\u00fcnftigen tats\u00e4chlichen Ergebnisse k\u00f6nnen von diesen Annahmen und Sch\u00e4tzungen abweichen. Die Allgeier SE \u00fcbernimmt keine Gew\u00e4hrleistung und keine Haftung daf\u00fcr, dass die k\u00fcnftigen Entwicklungen und die k\u00fcnftig erzielten tats\u00e4chlichen Ergebnisse mit den in dieser Ad-hoc-Mitteilung ge\u00e4u\u00dferten Annahmen und Sch\u00e4tzungen \u00fcbereinstimmen werden.<\/span><\/span><\/span><\/p>\n<p><span style=\"font-size:11pt\"><span style=\"line-height:107%\"><span style=\"font-family:Calibri,sans-serif\">Kontakt:<\/p>\n<p>Allgeier SE<\/span><\/span><\/span><br \/><span style=\"font-size:11pt\"><span style=\"line-height:107%\"><span style=\"font-family:Calibri,sans-serif\">Corporate Communications &amp; Investor Relations<\/span><\/span><\/span><br \/><span style=\"font-size:11pt\"><span style=\"line-height:107%\"><span style=\"font-family:Calibri,sans-serif\">Dr. Christopher Gro\u00dfe<\/span><\/span><\/span><br \/><span style=\"font-size:11pt\"><span style=\"line-height:107%\"><span style=\"font-family:Calibri,sans-serif\">Einsteinstra\u00dfe 172<\/span><\/span><\/span><br \/><span style=\"font-size:11pt\"><span style=\"line-height:107%\"><span style=\"font-family:Calibri,sans-serif\">81677 M\u00fcnchen<\/span><\/span><\/span><br \/><span style=\"font-size:11pt\"><span style=\"line-height:107%\"><span style=\"font-family:Calibri,sans-serif\">Tel.: +49 (0)89\/998421-0<\/span><\/span><\/span><br \/><span style=\"font-size:11pt\"><span style=\"line-height:107%\"><span style=\"font-family:Calibri,sans-serif\">Fax: +49 (0)89\/998421-11<\/span><\/span><\/span><br \/><span style=\"font-size:11pt\"><span style=\"line-height:107%\"><span style=\"font-family:Calibri,sans-serif\">E-Mail: ir@allgeier.com<\/span><\/span><\/span><br \/><span style=\"font-size:11pt\"><span style=\"line-height:107%\"><span style=\"font-family:Calibri,sans-serif\">Web: www.allgeier.com<\/span><\/span><\/span><br \/>\u00a0<\/div>\n<\/div>\n","protected":false},"excerpt":{"rendered":"<p>ALLGEIER SE \/ Schlagwort(e): Hauptversammlung Allgeier SE verschiebt Hauptversammlung  03.06.2020 \/ 12:01 CET\/CEST Ver\u00f6ffentlichung einer Insiderinformation nach Artikel 17 der Verordnung (EU) Nr. 596\/2014, \u00fcbermittelt durch DGAP &#8211; ein Service der EQS Group AG. F\u00fcr den Inhalt der Mitteilung ist der<\/p>\n","protected":false},"author":2,"featured_media":0,"comment_status":"close","ping_status":"","sticky":false,"template":"","format":"standard","meta":{"footnotes":""},"categories":[14],"tags":[40],"class_list":["post-951","post","type-post","status-publish","format-standard","hentry","category-ad-hoc-mitteilungen","tag-ad-hoc-mitteilungen"],"_links":{"self":[{"href":"https:\/\/allgeier-se.seowerk.net\/de\/wp-json\/wp\/v2\/posts\/951","targetHints":{"allow":["GET"]}}],"collection":[{"href":"https:\/\/allgeier-se.seowerk.net\/de\/wp-json\/wp\/v2\/posts"}],"about":[{"href":"https:\/\/allgeier-se.seowerk.net\/de\/wp-json\/wp\/v2\/types\/post"}],"author":[{"embeddable":true,"href":"https:\/\/allgeier-se.seowerk.net\/de\/wp-json\/wp\/v2\/users\/2"}],"replies":[{"embeddable":true,"href":"https:\/\/allgeier-se.seowerk.net\/de\/wp-json\/wp\/v2\/comments?post=951"}],"version-history":[{"count":1,"href":"https:\/\/allgeier-se.seowerk.net\/de\/wp-json\/wp\/v2\/posts\/951\/revisions"}],"predecessor-version":[{"id":952,"href":"https:\/\/allgeier-se.seowerk.net\/de\/wp-json\/wp\/v2\/posts\/951\/revisions\/952"}],"wp:attachment":[{"href":"https:\/\/allgeier-se.seowerk.net\/de\/wp-json\/wp\/v2\/media?parent=951"}],"wp:term":[{"taxonomy":"category","embeddable":true,"href":"https:\/\/allgeier-se.seowerk.net\/de\/wp-json\/wp\/v2\/categories?post=951"},{"taxonomy":"post_tag","embeddable":true,"href":"https:\/\/allgeier-se.seowerk.net\/de\/wp-json\/wp\/v2\/tags?post=951"}],"curies":[{"name":"wp","href":"https:\/\/api.w.org\/{rel}","templated":true}]}}