{"id":937,"date":"2020-08-14T13:14:40","date_gmt":"2020-08-14T11:14:40","guid":{"rendered":"https:\/\/allgeier-se.seowerk.net\/?p=937"},"modified":"2025-02-11T15:21:01","modified_gmt":"2025-02-11T14:21:01","slug":"allgeier-se-beschluss-zur-abspaltung-der-nagarro-gruppe-und-zu-dividende","status":"publish","type":"post","link":"https:\/\/allgeier-se.seowerk.net\/de\/ad-hoc-mitteilungen\/allgeier-se-beschluss-zur-abspaltung-der-nagarro-gruppe-und-zu-dividende\/","title":{"rendered":"Allgeier SE: Beschluss zur Abspaltung der Nagarro Gruppe und zu Dividende"},"content":{"rendered":"<div class=\"break-word news_main\">\n<div style=\"text-align: justify\"><span style=\"font-size:11pt\"><span><span style=\"font-family:Calibri,sans-serif\"><i>M\u00fcnchen, 14. August 2020<\/i> &#8211; Vorstand und Aufsichtsrat der <a name=\"_Hlk46737425\">Allgeier SE (ISIN DE000A2GS633, WKN A2GS63) <\/a>haben in ihren Sitzungen am heutigen Tag beschlossen, der Hauptversammlung der Allgeier SE die Abspaltung der Nagarro Gruppe zur Beschlussfassung vorzulegen. Die Hauptversammlung der Allgeier SE soll am 24. September 2020 stattfinden. Der Spaltungsvertrag zwischen Allgeier SE und Nagarro SE wird am heutigen Tag notariell beurkundet werden. Der Spaltungsbericht und der Spaltungsvertrag werden zusammen mit der Einladung zur Hauptversammlung der Allgeier SE im Laufe der kommenden Woche ver\u00f6ffentlicht werden.<\/span><\/span><\/span><\/p>\n<p><span style=\"font-size:11pt\"><span><span style=\"font-family:Calibri,sans-serif\">Ferner haben Vorstand und Aufsichtsrat der Allgeier SE aufgrund des positiven Gesch\u00e4ftsverlaufs 2019 entschieden, dass die Aussch\u00fcttung einer Dividende von 0,50 Euro je Aktie f\u00fcr das Gesch\u00e4ftsjahr 2019 angemessen und gerechtfertigt ist und werden der Hauptversammlung einen entsprechenden Beschlussvorschlag unterbreiten. Die Entscheidung haben Vorstand und Aufsichtsrat vor dem Hintergrund des anhaltend guten Gesch\u00e4ftsverlaufs im ersten Halbjahr 2020 getroffen. Schlie\u00dflich haben Vorstand und Aufsichtsrat beschlossen, dass die eigenen Aktien der Allgeier SE noch vor Wirksamwerden der Abspaltung der Nagarro Gruppe ver\u00e4u\u00dfert werden sollen. Die Allgeier SE h\u00e4lt derzeit 105.351 eigene Aktien. Die Ver\u00e4u\u00dferung der eigenen Aktien soll in den kommenden drei Monaten \u00fcber die B\u00f6rse oder als sogenannter Blocktrade an interessierte Investoren erfolgen.<\/span><\/span><\/span><\/div>\n<p><span style=\"font-size:11pt\"><span style=\"font-family:Calibri,sans-serif\">Kontakt:<\/p>\n<p>Allgeier SE<\/span><\/span><br \/><span style=\"font-size:11pt\"><span style=\"font-family:Calibri,sans-serif\">Corporate Communications &amp; Investor Relations<\/span><\/span><br \/><span style=\"font-size:11pt\"><span style=\"font-family:Calibri,sans-serif\">Dr. Christopher Gro\u00dfe<\/span><\/span><br \/><span style=\"font-size:11pt\"><span style=\"font-family:Calibri,sans-serif\">Einsteinstra\u00dfe 172<\/span><\/span><br \/><span style=\"font-size:11pt\"><span style=\"font-family:Calibri,sans-serif\">81677 M\u00fcnchen<\/span><\/span><br \/><span style=\"font-size:11pt\"><span style=\"font-family:Calibri,sans-serif\">Tel.: +49 (0)89\/998421-0<\/span><\/span><br \/><span style=\"font-size:11pt\"><span style=\"font-family:Calibri,sans-serif\">Fax: +49 (0)89\/998421-11<\/span><\/span><br \/><span style=\"font-size:11pt\"><span style=\"font-family:Calibri,sans-serif\">E-Mail: ir@allgeier.com<\/span><\/span><br \/><span style=\"font-size:11pt\"><span style=\"font-family:Calibri,sans-serif\">Web: www.allgeier.com<\/span><\/span><\/div>\n","protected":false},"excerpt":{"rendered":"<p>ALLGEIER SE \/ Schlagwort(e): Strategische Unternehmensentscheidung\/Dividende Allgeier SE: Beschluss zur Abspaltung der Nagarro Gruppe und zu Dividende 14.08.2020 \/ 13:14 CET\/CEST Ver\u00f6ffentlichung einer Insiderinformation nach Artikel 17 der Verordnung (EU) Nr. 596\/2014, \u00fcbermittelt durch DGAP &#8211; ein<\/p>\n","protected":false},"author":2,"featured_media":0,"comment_status":"close","ping_status":"","sticky":false,"template":"","format":"standard","meta":{"footnotes":""},"categories":[14],"tags":[40],"class_list":["post-937","post","type-post","status-publish","format-standard","hentry","category-ad-hoc-mitteilungen","tag-ad-hoc-mitteilungen"],"_links":{"self":[{"href":"https:\/\/allgeier-se.seowerk.net\/de\/wp-json\/wp\/v2\/posts\/937","targetHints":{"allow":["GET"]}}],"collection":[{"href":"https:\/\/allgeier-se.seowerk.net\/de\/wp-json\/wp\/v2\/posts"}],"about":[{"href":"https:\/\/allgeier-se.seowerk.net\/de\/wp-json\/wp\/v2\/types\/post"}],"author":[{"embeddable":true,"href":"https:\/\/allgeier-se.seowerk.net\/de\/wp-json\/wp\/v2\/users\/2"}],"replies":[{"embeddable":true,"href":"https:\/\/allgeier-se.seowerk.net\/de\/wp-json\/wp\/v2\/comments?post=937"}],"version-history":[{"count":1,"href":"https:\/\/allgeier-se.seowerk.net\/de\/wp-json\/wp\/v2\/posts\/937\/revisions"}],"predecessor-version":[{"id":938,"href":"https:\/\/allgeier-se.seowerk.net\/de\/wp-json\/wp\/v2\/posts\/937\/revisions\/938"}],"wp:attachment":[{"href":"https:\/\/allgeier-se.seowerk.net\/de\/wp-json\/wp\/v2\/media?parent=937"}],"wp:term":[{"taxonomy":"category","embeddable":true,"href":"https:\/\/allgeier-se.seowerk.net\/de\/wp-json\/wp\/v2\/categories?post=937"},{"taxonomy":"post_tag","embeddable":true,"href":"https:\/\/allgeier-se.seowerk.net\/de\/wp-json\/wp\/v2\/tags?post=937"}],"curies":[{"name":"wp","href":"https:\/\/api.w.org\/{rel}","templated":true}]}}