{"id":863,"date":"2020-12-01T18:45:29","date_gmt":"2020-12-01T17:45:29","guid":{"rendered":"https:\/\/allgeier-se.seowerk.net\/?p=863"},"modified":"2025-02-11T15:21:01","modified_gmt":"2025-02-11T14:21:01","slug":"allgeier-se-akquisition-im-geschaeftsbereich-enterprise-it","status":"publish","type":"post","link":"https:\/\/allgeier-se.seowerk.net\/de\/ad-hoc-mitteilungen\/allgeier-se-akquisition-im-geschaeftsbereich-enterprise-it\/","title":{"rendered":"Allgeier SE: Akquisition im Gesch\u00e4ftsbereich Enterprise IT"},"content":{"rendered":"<div class=\"break-word news_main\">\n<div style=\"text-align: justify\"><span style=\"font-size:11pt\"><span style=\"line-height:107%\"><span style=\"font-family:Calibri,sans-serif\"><i>M\u00fcnchen, 01. Dezember 2020 &#8211;<\/i> Allgeier SE (ISIN DE000A2GS633, WKN A2GS63), M\u00fcnchen, teilt mit: Am heutigen Tag hat die Allgeier Enterprise Services AG, Bremen, \u00fcber eine Tochtergesellschaft einen Kaufvertrag zum Erwerb der Gesch\u00e4ftsanteile der publicplan GmbH, D\u00fcsseldorf, unterzeichnet. Mit einer Gr\u00f6\u00dfe von knapp 10 Millionen Euro Umsatz und rund 80 Mitarbeitern ist die publicplan GmbH ein Experte f\u00fcr die Digitalisierung der \u00f6ffentlichen Verwaltung und E-Government. Der Fokus liegt dabei auf Open-Source-basierten Softwarel\u00f6sungen mit einem Leistungsangebot von der Beratung \u00fcber die Entwicklung bis hin zu Pflege und Wartung von Softwarel\u00f6sungen, die auf die Bed\u00fcrfnisse der Verwaltung zugeschnitten sind. Mit dem Erwerb der publicplan GmbH baut Allgeier das Leistungsangebot f\u00fcr die Digitalisierung der \u00f6ffentlichen Verwaltung im Bereich E-Government weiter aus.<\/span><\/span><\/span><\/p>\n<p><span style=\"font-size:11pt\"><span style=\"line-height:107%\"><span style=\"font-family:Calibri,sans-serif\">Der Erwerb steht unter dem Vorbehalt der Kartellfreigabe sowie weiterer Closing-Bedingungen. Die Durchf\u00fchrung des Kaufvertrages wird in den kommenden vier bis sechs Wochen erwartet. Der Kaufpreis bel\u00e4uft sich auf einen niedrigen zweistelligen Millionen-Euro-Betrag. Der Gr\u00fcnder und Gesch\u00e4ftsf\u00fchrer der publicplan GmbH, Herr Dr. Christian Knebel, der bereits vor dem Verkauf Gesellschafter der publicplan GmbH war, wird sich im Zuge des Erwerbs mit 20 Prozent der Gesch\u00e4ftsanteile k\u00fcnftig weiterhin am Unternehmen beteiligen.<\/span><\/span><\/span><\/div>\n<p><span style=\"font-size:11pt\"><span style=\"line-height:107%\"><span style=\"font-family:Calibri,sans-serif\">Kontakt:<\/p>\n<p>Allgeier SE<\/span><\/span><\/span><br \/><span style=\"font-size:11pt\"><span style=\"line-height:107%\"><span style=\"font-family:Calibri,sans-serif\">Corporate Communications &amp; Investor Relations<\/span><\/span><\/span><br \/><span style=\"font-size:11pt\"><span style=\"line-height:107%\"><span style=\"font-family:Calibri,sans-serif\">Dr. Christopher Gro\u00dfe<\/span><\/span><\/span><br \/><span style=\"font-size:11pt\"><span style=\"line-height:107%\"><span style=\"font-family:Calibri,sans-serif\">Einsteinstra\u00dfe 172<\/span><\/span><\/span><br \/><span style=\"font-size:11pt\"><span style=\"line-height:107%\"><span style=\"font-family:Calibri,sans-serif\">81677 M\u00fcnchen<\/span><\/span><\/span><br \/><span style=\"font-size:11pt\"><span style=\"line-height:107%\"><span style=\"font-family:Calibri,sans-serif\">Tel.: +49 (0)89\/998421-0<\/span><\/span><\/span><br \/><span style=\"font-size:11pt\"><span style=\"line-height:107%\"><span style=\"font-family:Calibri,sans-serif\">Fax: +49 (0)89\/998421-11<\/span><\/span><\/span><br \/><span style=\"font-size:11pt\"><span style=\"line-height:107%\"><span style=\"font-family:Calibri,sans-serif\">E-Mail: ir@allgeier.com<\/span><\/span><\/span><br \/><span style=\"font-size:11pt\"><span style=\"line-height:107%\"><span style=\"font-family:Calibri,sans-serif\">Web: www.allgeier.com<\/span><\/span><\/span><br \/>\u00a0<\/div>\n","protected":false},"excerpt":{"rendered":"<p>ALLGEIER SE \/ Schlagwort(e): Firmen\u00fcbernahme Allgeier SE: Akquisition im Gesch\u00e4ftsbereich Enterprise IT 01.12.2020 \/ 18:45 CET\/CEST Ver\u00f6ffentlichung einer Insiderinformation nach Artikel 17 der Verordnung (EU) Nr. 596\/2014, \u00fcbermittelt durch DGAP &#8211; ein Service der EQS Group AG. F\u00fcr den Inhalt der Mitteilung<\/p>\n","protected":false},"author":2,"featured_media":0,"comment_status":"close","ping_status":"","sticky":false,"template":"","format":"standard","meta":{"footnotes":""},"categories":[14],"tags":[40],"class_list":["post-863","post","type-post","status-publish","format-standard","hentry","category-ad-hoc-mitteilungen","tag-ad-hoc-mitteilungen"],"_links":{"self":[{"href":"https:\/\/allgeier-se.seowerk.net\/de\/wp-json\/wp\/v2\/posts\/863","targetHints":{"allow":["GET"]}}],"collection":[{"href":"https:\/\/allgeier-se.seowerk.net\/de\/wp-json\/wp\/v2\/posts"}],"about":[{"href":"https:\/\/allgeier-se.seowerk.net\/de\/wp-json\/wp\/v2\/types\/post"}],"author":[{"embeddable":true,"href":"https:\/\/allgeier-se.seowerk.net\/de\/wp-json\/wp\/v2\/users\/2"}],"replies":[{"embeddable":true,"href":"https:\/\/allgeier-se.seowerk.net\/de\/wp-json\/wp\/v2\/comments?post=863"}],"version-history":[{"count":1,"href":"https:\/\/allgeier-se.seowerk.net\/de\/wp-json\/wp\/v2\/posts\/863\/revisions"}],"predecessor-version":[{"id":864,"href":"https:\/\/allgeier-se.seowerk.net\/de\/wp-json\/wp\/v2\/posts\/863\/revisions\/864"}],"wp:attachment":[{"href":"https:\/\/allgeier-se.seowerk.net\/de\/wp-json\/wp\/v2\/media?parent=863"}],"wp:term":[{"taxonomy":"category","embeddable":true,"href":"https:\/\/allgeier-se.seowerk.net\/de\/wp-json\/wp\/v2\/categories?post=863"},{"taxonomy":"post_tag","embeddable":true,"href":"https:\/\/allgeier-se.seowerk.net\/de\/wp-json\/wp\/v2\/tags?post=863"}],"curies":[{"name":"wp","href":"https:\/\/api.w.org\/{rel}","templated":true}]}}