{"id":779,"date":"2021-12-17T17:38:46","date_gmt":"2021-12-17T16:38:46","guid":{"rendered":"https:\/\/allgeier-se.seowerk.net\/?p=779"},"modified":"2025-02-11T15:21:01","modified_gmt":"2025-02-11T14:21:01","slug":"allgeier-se-guidance-fuer-das-geschaeftsjahr-2022-und-mittelfristige-prognose","status":"publish","type":"post","link":"https:\/\/allgeier-se.seowerk.net\/de\/ad-hoc-mitteilungen\/allgeier-se-guidance-fuer-das-geschaeftsjahr-2022-und-mittelfristige-prognose\/","title":{"rendered":"ALLGEIER SE: Guidance f\u00fcr das Gesch\u00e4ftsjahr 2022 und mittelfristige Prognose"},"content":{"rendered":"<div class=\"break-word news_main\">\n<p style=\"text-align: justify\"><b>Ver\u00f6ffentlichung einer Insiderinformation gem\u00e4\u00df Art. 17 MAR<\/b><\/p>\n<p style=\"text-align: justify\"><i>M\u00fcnchen, 17. Dezember 2021 &#8211;<\/i> Der Vorstand der Allgeier SE (ISIN DE000A2GS633, WKN A2GS63), M\u00fcnchen, erwartet gem\u00e4\u00df der heute verabschiedeten Konzernplanung im kommenden Gesch\u00e4ftsjahr 2022 einen Umsatz in der Gr\u00f6\u00dfenordnung von 480 bis 520 Mio. Euro. Das erwartete bereinigte EBITDA der Allgeier SE f\u00fcr 2022 betr\u00e4gt zwischen 63 und 69 Mio. Euro. Die entsprechende bereinigte EBITDA-Marge soll signifikant auf 13 bis 14 Prozent steigen.<\/p>\n<p style=\"text-align: justify\">Mittelfristig strebt der Vorstand f\u00fcr die kommenden drei Jahre eine j\u00e4hrliche organische Wachstumsrate von 10 bis 15 Prozent und eine bereinigte EBITDA-Marge von 15 Prozent an.<\/p>\n<p style=\"text-align: justify\">F\u00fcr das laufende Gesch\u00e4ftsjahr 2021 wird, wie am 12. November 2021 in der Q3-Zwischeninformation der Allgeier SE best\u00e4tigt, ein Umsatz in der Gr\u00f6\u00dfenordnung von 380 bis 420 Mio. Euro und ein bereinigtes EBITDA zwischen 39 und 43 Mio. Euro erwartet.<\/p>\n<p style=\"text-align: justify\">Alle vorgenannten Planzahlen und Zielsetzungen f\u00fcr den Zeitraum ab 2022 beziehen sich auf das organische Konzernwachstum. Potenzielle weitere Akquisitionen k\u00f6nnen einen zus\u00e4tzlichen Beitrag zum Umsatz- und Ergebniswachstum leisten.<\/p>\n<p style=\"text-align: justify\">Hinweise<\/p>\n<p style=\"text-align: justify\">Es wird darauf hingewiesen, dass Angaben f\u00fcr Zeitr\u00e4ume nach dem 30. September 2021 auf Annahmen und Sch\u00e4tzungen beruhende Erwartungen des Vorstands darstellen. Die k\u00fcnftigen tats\u00e4chlichen Entwicklungen und die k\u00fcnftigen tats\u00e4chlichen Ergebnisse k\u00f6nnen von diesen Annahmen und Sch\u00e4tzungen abweichen. Die Allgeier SE \u00fcbernimmt keine Gew\u00e4hrleistung und keine Haftung daf\u00fcr, dass die k\u00fcnftigen Entwicklungen und die k\u00fcnftig erzielten tats\u00e4chlichen Ergebnisse mit den in dieser Ad-hoc-Mitteilung ge\u00e4u\u00dferten Annahmen und Sch\u00e4tzungen \u00fcbereinstimmen werden.<\/p>\n<p style=\"text-align: justify\">Dieses Dokument enth\u00e4lt &#8211; in einschl\u00e4gigen Rechnungslegungsrahmen nicht genau bestimmte &#8211; erg\u00e4nzende Finanzkennzahlen, die sogenannte alternative Leistungskennzahlen sind oder sein k\u00f6nnen. Diese erg\u00e4nzenden Finanzkennzahlen k\u00f6nnen als Analyseinstrument nur eingeschr\u00e4nkt tauglich sein und sollten f\u00fcr die Beurteilung der Verm\u00f6gens-, Finanz- und Ertragslage der Allgeier SE nicht isoliert oder als Alternative zu den im Konzernabschluss dargestellten und im Einklang mit einschl\u00e4gigen Rechnungslegungsrahmen ermittelten Finanzkennzahlen herangezogen werden. Andere Unternehmen, die alternative Leistungskennzahlen mit einer \u00e4hnlichen Bezeichnung darstellen oder berichten, k\u00f6nnen diese anders berechnen, so dass sie deshalb m\u00f6glicherweise nicht vergleichbar sind. Weitere Informationen zu den von der Allgeier SE verwendeten alternativen Leistungskennzahlen finden Sie im Gesch\u00e4ftsbericht 2020.<\/p>\n<p style=\"text-align: justify\">Kontakt:<\/p>\n<p>Allgeier SE<br \/>Corporate Communications &amp; Investor Relations<br \/>Dr. Christopher Gro\u00dfe<br \/>Einsteinstra\u00dfe 172<br \/>81677 M\u00fcnchen<br \/>Tel.: +49 (0)89\/998421-0<br \/>Fax: +49 (0)89\/998421-11<br \/>E-Mail: ir@allgeier.com<br \/>Web: www.allgeier.com<\/p>\n<p>\u00a0<\/p>\n<\/div>\n","protected":false},"excerpt":{"rendered":"<p>ALLGEIER SE \/ Schlagwort(e): Prognose ALLGEIER SE: Guidance f\u00fcr das Gesch\u00e4ftsjahr 2022 und mittelfristige Prognose 17.12.2021 \/ 17:38 CET\/CEST Ver\u00f6ffentlichung einer Insiderinformation nach Artikel 17 der Verordnung (EU) Nr. 596\/2014, \u00fcbermittelt durch DGAP &#8211; ein Service der EQS Group AG. F\u00fcr den Inhalt<\/p>\n","protected":false},"author":2,"featured_media":0,"comment_status":"close","ping_status":"","sticky":false,"template":"","format":"standard","meta":{"footnotes":""},"categories":[14],"tags":[40],"class_list":["post-779","post","type-post","status-publish","format-standard","hentry","category-ad-hoc-mitteilungen","tag-ad-hoc-mitteilungen"],"_links":{"self":[{"href":"https:\/\/allgeier-se.seowerk.net\/de\/wp-json\/wp\/v2\/posts\/779","targetHints":{"allow":["GET"]}}],"collection":[{"href":"https:\/\/allgeier-se.seowerk.net\/de\/wp-json\/wp\/v2\/posts"}],"about":[{"href":"https:\/\/allgeier-se.seowerk.net\/de\/wp-json\/wp\/v2\/types\/post"}],"author":[{"embeddable":true,"href":"https:\/\/allgeier-se.seowerk.net\/de\/wp-json\/wp\/v2\/users\/2"}],"replies":[{"embeddable":true,"href":"https:\/\/allgeier-se.seowerk.net\/de\/wp-json\/wp\/v2\/comments?post=779"}],"version-history":[{"count":1,"href":"https:\/\/allgeier-se.seowerk.net\/de\/wp-json\/wp\/v2\/posts\/779\/revisions"}],"predecessor-version":[{"id":780,"href":"https:\/\/allgeier-se.seowerk.net\/de\/wp-json\/wp\/v2\/posts\/779\/revisions\/780"}],"wp:attachment":[{"href":"https:\/\/allgeier-se.seowerk.net\/de\/wp-json\/wp\/v2\/media?parent=779"}],"wp:term":[{"taxonomy":"category","embeddable":true,"href":"https:\/\/allgeier-se.seowerk.net\/de\/wp-json\/wp\/v2\/categories?post=779"},{"taxonomy":"post_tag","embeddable":true,"href":"https:\/\/allgeier-se.seowerk.net\/de\/wp-json\/wp\/v2\/tags?post=779"}],"curies":[{"name":"wp","href":"https:\/\/api.w.org\/{rel}","templated":true}]}}