{"id":743,"date":"2022-07-13T17:16:47","date_gmt":"2022-07-13T15:16:47","guid":{"rendered":"https:\/\/allgeier-se.seowerk.net\/?p=743"},"modified":"2025-02-11T15:21:01","modified_gmt":"2025-02-11T14:21:01","slug":"allgeier-se-weitere-klarstellung-zu-der-veroeffentlichung-einer-pruefungsanordnung-der-bafin-vom-12-07-2022","status":"publish","type":"post","link":"https:\/\/allgeier-se.seowerk.net\/de\/ad-hoc-mitteilungen\/allgeier-se-weitere-klarstellung-zu-der-veroeffentlichung-einer-pruefungsanordnung-der-bafin-vom-12-07-2022\/","title":{"rendered":"Allgeier SE: Weitere Klarstellung zu der Ver\u00f6ffentlichung einer Pr\u00fcfungsanordnung der BaFin vom 12.07.2022"},"content":{"rendered":"<div class=\"break-word news_main\">\n<p><i>M\u00fcnchen, 13.07.2022 \u2013<\/i> Am gestrigen Tag hat die BaFin eine Ver\u00f6ffentlichung \u00fcber eine Pr\u00fcfung der Rechnungslegung betreffend die Darstellung der Abspaltung der Nagarro SE im Konzernabschluss der Allgeier SE (WKN A2GS63, ISIN DE000A2GS633) zum 31.12.2020 vorgenommen. Wir haben dazu gestern eine Erl\u00e4uterung ver\u00f6ffentlicht. Aus Anlass von Nachfragen erg\u00e4nzen wir die Erl\u00e4uterung zum Hintergrund der Pr\u00fcfungsanordnung nach unserem Kenntnisstand wie folgt:<\/p>\n<p>Die aufgeworfenen Pr\u00fcfungsfragen beziehen sich ausschlie\u00dflich auf die Darstellung der Abspaltungstransaktion im Konzernabschluss der Allgeier SE zum 31.12.2020 und haben dar\u00fcber hinaus keine Auswirkungen auf die beteiligten Unternehmen Allgeier SE und Nagarro SE.<\/p>\n<p>Die Pr\u00fcfungsanordnung bezieht sich auf die folgenden beiden Hauptaspekte:<\/p>\n<ul type=\"disc\">\n<li>Zum einen erachtet die BaFin die Normen von IFRIC 17 auf die Abspaltung als anwendbar und m\u00f6chte pr\u00fcfen, ob wir in der Konzern-Gewinn- und Verlustrechnung zum 31.12.2020 im aufgegebenen Gesch\u00e4ft einen Buchgewinn in der Gr\u00f6\u00dfenordnung von 200 Mio. Euro h\u00e4tten gesondert ausweisen m\u00fcssen. Dieser Buchgewinn ist durch die Aufdeckung von stillen Reserven im Zuge der Strukturierung der Nagarro SE im Vorfeld der Abspaltung verursacht. Dieser Gewinn steht der Allgeier SE zum 31.12.2020 allerdings nicht mehr wirtschaftlich zur Verf\u00fcgung, da er mit der Durchf\u00fchrung der Abspaltung der Nagarro SE am 15. Dezember 2020 in Form der Aktien der Nagarro SE an die Aktion\u00e4re der Allgeier SE abgespalten wurde. Wir haben deshalb die beiden Teilaspekte der Abspaltung \u2013 also die Aufdeckung der stillen Reserven in der Nagarro Gruppe sowie die \u00dcbertragung an die Aktion\u00e4re \u2013 in saldierter Form im Eigenkapital in der Bilanz dargestellt. Sollte sich aus der Abstimmung mit der BaFin der Anlass ergeben, diesen Ausweis anzupassen, werden wir dies tun.<\/li>\n<li>Zum zweiten spricht die BaFin den Zeitpunkt an, wann die Nagarro SE als aufgegebenes Gesch\u00e4ft anzusehen war und folglich die Abschreibungen auf die Verm\u00f6gensgegenst\u00e4nde der Nagarro SE nicht mehr im Allgeier Konzernabschluss zu buchen waren. Wir sind der Auffassung, dass dies bis zum Wirksamwerden der Abspaltung am 15. Dezember 2020 der Fall war. Die BaFin m\u00f6chte fr\u00fchere Zeitpunkte pr\u00fcfen. In Frage kommen der Zeitpunkt der Hauptversammlung am 24.09.2020 oder der Ablauf der Anfechtungsfrist f\u00fcr den Hauptversammlungsbeschluss. Sollte man dem folgen, w\u00fcrden die im aufgegebenen Gesch\u00e4ft gezeigten Abschreibungen auf das Verm\u00f6gen der Nagarro SE bereits zu diesen Zeitpunkten enden. Der Unterschied w\u00fcrde in einer Gr\u00f6\u00dfenordnung von netto 1-2 Mio. Euro liegen, um welche der im aufgegebenen Gesch\u00e4ft zum 31.12.2020 ausgewiesene Aufwand dann niedriger w\u00e4re.<\/li>\n<\/ul>\n<p>Wir pr\u00fcfen diese Punkte pflichtgem\u00e4\u00df und werden sie inhaltlich final mit der BaFin abstimmen. In jedem Fall betreffen sie nach unserer aktuellen Erkenntnis ausschlie\u00dflich die bilanzielle Darstellung der Abspaltungstransaktion im Konzernabschluss zum 31.12.2020.<\/p>\n<p>Die Wirksamkeit der Abspaltung an sich ist von den Pr\u00fcfungshinweisen der BaFin nicht ber\u00fchrt. Die Abspaltung ist ohne jeden Zweifel wirksam durchgef\u00fchrt und es wird sich an dieser nichts mehr \u00e4ndern.<\/p>\n<p>Auch das fortgef\u00fchrte Gesch\u00e4ft des Allgeier Konzerns, also das gesamte heutige Allgeier Gesch\u00e4ft ist nicht von den Pr\u00fcfungspunkten ber\u00fchrt. Ebenso wenig sind der Jahres- und Konzernabschluss der Allgeier SE zum 31.12.2021 und sp\u00e4tere Abschl\u00fcsse in materieller Weise ber\u00fchrt. Die Ausweisfragen haben au\u00dferdem keine steuerliche Relevanz und keine Auswirkung auf die Liquidit\u00e4t des Konzerns.<\/p>\n<p>Auch das Gesch\u00e4ft der Nagarro SE und die Jahres- und Konzernabschl\u00fcsse der Nagarro SE sind nicht von den Pr\u00fcfungspunkten ber\u00fchrt.<\/p>\n<p>Es geht ausschlie\u00dflich um die richtige Darstellung der Abspaltungstransaktion im Konzernabschluss der Allgeier SE als einmalige Ausweisfrage in Bezug auf verschiedene IFRS-Normen.<\/p>\n<p>Kontakt:<\/p>\n<p>Allgeier SE<br \/>Corporate Communications &amp; Investor Relations<br \/>Dr. Christopher Gro\u00dfe<br \/>Einsteinstra\u00dfe 172<br \/>81677 M\u00fcnchen<br \/>Tel.: +49 (0)89\/998421-0<br \/>Fax: +49 (0)89\/998421-11<br \/>E-Mail: ir@allgeier.com<br \/>Web: www.allgeier.com<\/p>\n<p style=\"text-align:justify\">Allgeier SE ist eines der f\u00fchrenden Technologie-Unternehmen f\u00fcr digitale Transformation: Die stark wachsende Gruppe mit Hauptsitz in M\u00fcnchen f\u00fchrt ihre Kunden durch die Herausforderungen des digitalen Wandels, um deren zuk\u00fcnftigen Erfolg sicherzustellen. Allgeier verf\u00fcgt \u00fcber eine breite und stabile Kundenbasis aus global agierenden Konzernen, leistungsstarken mittelst\u00e4ndischen Unternehmen sowie Auftraggebern des \u00f6ffentlichen Sektors. Den \u00fcber 2.000 Kunden bietet Allgeier ein vollumf\u00e4ngliches IT- und Software-Services-Portfolio, das von High-End-Softwareentwicklung bis hin zu Business Efficiency Solutions zur Unterst\u00fctzung der Digitalisierung und Transformation gesch\u00e4ftskritischer Prozesse reicht. Allgeier erzielt dabei Durchbr\u00fcche hin zu neuen digitalen Gesch\u00e4ftsmodellen, definiert strategische Priorit\u00e4ten und realisiert mit hoher Flexibilit\u00e4t und Skalierbarkeit bahnbrechende Projekte, um agile und intelligente Organisationen f\u00fcr das digitale Zeitalter zu gestalten. In den beiden Konzernsegmenten Enterprise IT und mgm technology partners sind \u00fcber 3.000 angestellte Mitarbeiter und mehr als 1.000 freiberufliche Experten an weltweit insgesamt 42 Standorten in der DACH-Region, in Frankreich und der Tschechischen Republik sowie in Indien, Vietnam und den USA t\u00e4tig. Im Gesch\u00e4ftsjahr 2021 erzielte Allgeier im fortgef\u00fchrten Gesch\u00e4ft einen Umsatz von 403 Mio. Euro. Gem\u00e4\u00df L\u00fcnendonk\u00ae-Liste 2022 z\u00e4hlt Allgeier zu den f\u00fchrenden IT-Service-Unternehmen in Deutschland. Allgeier SE ist am Regulierten Markt der Frankfurter Wertpapierb\u00f6rse im General Standard gelistet (WKN A2GS63, ISIN DE000A2GS633). Weitere Informationen unter: www.allgeier.com<\/p>\n<\/div>\n","protected":false},"excerpt":{"rendered":"<p>ALLGEIER SE \/ Schlagwort(e): Stellungnahme Allgeier SE: Weitere Klarstellung zu der Ver\u00f6ffentlichung einer Pr\u00fcfungsanordnung der BaFin vom 12.07.2022 13.07.2022 \/ 17:16 CET\/CEST Ver\u00f6ffentlichung einer Insiderinformation nach Artikel 17 der Verordnung (EU) Nr. 596\/2014, \u00fcbermittelt durch DGAP &#8211; ein Service<\/p>\n","protected":false},"author":2,"featured_media":0,"comment_status":"close","ping_status":"","sticky":false,"template":"","format":"standard","meta":{"footnotes":""},"categories":[14],"tags":[40],"class_list":["post-743","post","type-post","status-publish","format-standard","hentry","category-ad-hoc-mitteilungen","tag-ad-hoc-mitteilungen"],"_links":{"self":[{"href":"https:\/\/allgeier-se.seowerk.net\/de\/wp-json\/wp\/v2\/posts\/743","targetHints":{"allow":["GET"]}}],"collection":[{"href":"https:\/\/allgeier-se.seowerk.net\/de\/wp-json\/wp\/v2\/posts"}],"about":[{"href":"https:\/\/allgeier-se.seowerk.net\/de\/wp-json\/wp\/v2\/types\/post"}],"author":[{"embeddable":true,"href":"https:\/\/allgeier-se.seowerk.net\/de\/wp-json\/wp\/v2\/users\/2"}],"replies":[{"embeddable":true,"href":"https:\/\/allgeier-se.seowerk.net\/de\/wp-json\/wp\/v2\/comments?post=743"}],"version-history":[{"count":1,"href":"https:\/\/allgeier-se.seowerk.net\/de\/wp-json\/wp\/v2\/posts\/743\/revisions"}],"predecessor-version":[{"id":744,"href":"https:\/\/allgeier-se.seowerk.net\/de\/wp-json\/wp\/v2\/posts\/743\/revisions\/744"}],"wp:attachment":[{"href":"https:\/\/allgeier-se.seowerk.net\/de\/wp-json\/wp\/v2\/media?parent=743"}],"wp:term":[{"taxonomy":"category","embeddable":true,"href":"https:\/\/allgeier-se.seowerk.net\/de\/wp-json\/wp\/v2\/categories?post=743"},{"taxonomy":"post_tag","embeddable":true,"href":"https:\/\/allgeier-se.seowerk.net\/de\/wp-json\/wp\/v2\/tags?post=743"}],"curies":[{"name":"wp","href":"https:\/\/api.w.org\/{rel}","templated":true}]}}