{"id":725,"date":"2022-11-09T15:17:20","date_gmt":"2022-11-09T14:17:20","guid":{"rendered":"https:\/\/allgeier-se.seowerk.net\/?p=725"},"modified":"2025-02-11T15:21:01","modified_gmt":"2025-02-11T14:21:01","slug":"allgeier-se-zeigt-in-den-ersten-neun-monaten-2022-deutliches-umsatzwachstum-sowie-eine-ueberproportionale-ergebnissteigerung","status":"publish","type":"post","link":"https:\/\/allgeier-se.seowerk.net\/de\/ad-hoc-mitteilungen\/allgeier-se-zeigt-in-den-ersten-neun-monaten-2022-deutliches-umsatzwachstum-sowie-eine-ueberproportionale-ergebnissteigerung\/","title":{"rendered":"Allgeier SE zeigt in den ersten neun Monaten 2022 deutliches Umsatzwachstum sowie eine \u00fcberproportionale Ergebnissteigerung"},"content":{"rendered":"<div class=\"break-word news_main\"><i>M\u00fcnchen, 09. November 2022 \u2013<\/i> Allgeier SE (ISIN DE000A2GS633, WKN A2GS63) hat in den ersten neun Monaten 2022 (01. Januar 2022 \u2013 30. September 2022) gem\u00e4\u00df vorl\u00e4ufiger Zahlen ein Umsatzwachstum von 21 Prozent erzielt und das Ergebnis \u00fcberproportional gesteigert. Die bereinigte EBITDA-Marge betrug 12 Prozent. Im dritten Quartal 2022 (01. Juli 2022 \u2013 30. September 2022) steigerte Allgeier den Umsatz um 24 Prozent und das bereinigte EBITDA um 55 Prozent, entsprechend einer bereinigten EBITDA-Marge von 13 Prozent.<\/p>\n<p style=\"text-align:justify\">Gesch\u00e4ftsentwicklung des fortgef\u00fchrten Gesch\u00e4fts in den ersten neun Monaten 2022<\/p>\n<p style=\"text-align:justify\">In Summe stieg der Umsatz im fortgef\u00fchrten Gesch\u00e4ft des Allgeier Konzerns in den ersten neun Monaten des Jahres 2022 gegen\u00fcber den ersten neun Monaten 2021 um 21 Prozent auf 351,6 Mio. Euro (Vorjahr: 291,2 Mio. Euro). Die Wertsch\u00f6pfung (definiert als Gesamtleistung abz\u00fcglich der den Ums\u00e4tzen direkt zurechenbaren Umsatz- und Personalkosten) erh\u00f6hte sich in diesem Zeitraum um 25 Prozent auf 111,5 Mio. Euro (Vorjahr: 89,3 Mio. Euro). Das bereinigte EBITDA (Ergebnis vor Abschreibungen auf Sachanlagen und Abschreibungen auf immaterielle Verm\u00f6gensgegenst\u00e4nde, Zinsen und Steuern, bereinigt um au\u00dferordentliche und periodenfremde Positionen) stieg um 44 Prozent auf 41,5 Mio. Euro (Vorjahr: 28,7 Mio. Euro). Das EBITDA (Ergebnis vor Abschreibungen auf Sachanlagen und Abschreibungen auf immaterielle Verm\u00f6gensgegenst\u00e4nde, Zinsen und Steuern) wuchs im Berichtszeitraum um 84 Prozent auf 41,2 Mio. Euro (Vorjahr: 22,4 Mio. Euro). Das EBIT (Ergebnis vor Zinsen und Steuern) betrug 21,5 Mio. Euro (Vorjahr: 9,5 Mio. Euro), entsprechend einer Steigerung um 127 Prozent.<\/p>\n<table class=\"news_layout_data_tabel news_layout_data_table\" cellspacing=\"0\" cellpadding=\"0\" border=\"0\">\n<tbody>\n<tr>\n<td valign=\"top\">Wichtige Konzernkennzahlen*<\/td>\n<td align=\"center\" valign=\"top\">Q1-Q3 2022<\/td>\n<td align=\"center\" valign=\"top\">Q1-Q3 2021<\/td>\n<td align=\"right\" valign=\"top\">Ver\u00e4nderung<\/td>\n<\/tr>\n<tr>\n<td valign=\"top\">Umsatzerl\u00f6se<\/td>\n<td align=\"right\" valign=\"top\">351,6<\/td>\n<td align=\"right\" valign=\"top\">291,2<\/td>\n<td align=\"right\" valign=\"top\">+ 21 %<\/td>\n<\/tr>\n<tr>\n<td valign=\"top\">Wertsch\u00f6pfung<\/td>\n<td align=\"right\" valign=\"top\">111,5<\/td>\n<td align=\"right\" valign=\"top\">89,3<\/td>\n<td align=\"right\" valign=\"top\">+ 25 %<\/td>\n<\/tr>\n<tr>\n<td valign=\"top\">Bereinigtes EBITDA<\/td>\n<td align=\"right\" valign=\"top\">41,5<\/td>\n<td align=\"right\" valign=\"top\">28,7<\/td>\n<td align=\"right\" valign=\"top\">+ 44 %<\/td>\n<\/tr>\n<tr>\n<td valign=\"top\">EBITDA<\/td>\n<td align=\"right\" valign=\"top\">41,2<\/td>\n<td align=\"right\" valign=\"top\">22,4<\/td>\n<td align=\"right\" valign=\"top\">+ 84 %<\/td>\n<\/tr>\n<tr>\n<td valign=\"top\">EBIT<\/td>\n<td align=\"right\" valign=\"top\">21,5<\/td>\n<td align=\"right\" valign=\"top\">9,5<\/td>\n<td align=\"right\" valign=\"top\">+ 127 %<\/td>\n<\/tr>\n<\/tbody>\n<\/table>\n<p>*Fortgef\u00fchrtes Gesch\u00e4ft nach IFRS, Angaben in Mio. Euro (soweit nicht anders vermerkt)<\/p>\n<p style=\"text-align:justify\">Gesch\u00e4ftsentwicklung des fortgef\u00fchrten Gesch\u00e4fts im dritten Quartal 2022<\/p>\n<p style=\"text-align:justify\">Im dritten Quartal 2022 steigerte der Allgeier Konzern im fortgef\u00fchrten Gesch\u00e4ft den Umsatz gegen\u00fcber dem Vergleichszeitraum des Vorjahres um 24 Prozent auf 122,8 Mio. Euro (Vorjahr: 98,8 Mio. Euro). Im selben Zeitraum stieg die Wertsch\u00f6pfung um 30 Prozent auf 41,2 Mio. Euro (Vorjahr: 31,8 Mio. Euro). Das bereinigte EBITDA des dritten Quartals 2022 lag mit 16,6 Mio. Euro um 55 Prozent \u00fcber dem Ergebnis der Vorjahresperiode (Vorjahr: 10,7 Mio. Euro), entsprechend einer Marge von 13,3 Prozent. Das EBITDA betrug 15,3 Mio. Euro (Vorjahr: 10,4 Mio. Euro), entsprechend einer Ausweitung um 47 Prozent gegen\u00fcber dem Vergleichszeitraum des Vorjahres. Das EBIT stieg auf 8,7 Mio. Euro (Vorjahr: 5,7 Mio. Euro).<\/p>\n<p style=\"text-align:justify\">Eckdaten der Bilanz zum 30. September 2022<\/p>\n<p style=\"text-align:justify\">Das Konzerneigenkapital erh\u00f6hte sich zum Bilanzstichtag 30. September 2022 gem\u00e4\u00df vorl\u00e4ufiger Zahlen auf 171 Mio. Euro (31. Dezember 2021: 163 Mio. Euro). Dem Allgeier Konzern standen zum Ende des dritten Quartals 2022 liquide Mittel in H\u00f6he von 52 Mio. Euro zur Verf\u00fcgung (31. Dezember 2021: 69 Mio. Euro). Die Nettofinanzverbindlichkeiten des Konzerns lagen zum Bilanzstichtag bei 126 Mio. Euro, davon 42 Mio. Euro Verbindlichkeiten aus Miet- und Leasingvertr\u00e4gen (31. Dezember 2021: 114 Mio. Euro, davon 45 Mio. Euro Verbindlichkeiten aus Miet- und Leasingvertr\u00e4gen). Die kurz- und langfristigen Finanzschulden lagen zum Ende des dritten Quartals 2022 bei 136 Mio. Euro (31. Dezember 2021: 138 Mio. Euro). Die Bilanzsumme betrug zum 30. September 2022 498 Mio. Euro (31. Dezember 2021: 485 Mio. Euro).<\/p>\n<p style=\"text-align:justify\">Ausblick auf das vierte Quartal 2022<\/p>\n<p style=\"text-align:justify\">Die Erwartung f\u00fcr die Gesch\u00e4ftsentwicklung im Jahr 2022 liegt innerhalb der Spanne der Guidance f\u00fcr das Gesch\u00e4ftsjahr 2022, die in der Ad-hoc-Mitteilung vom 17. Dezember 2021 sowie im Allgeier SE Gesch\u00e4ftsbericht 2021 ver\u00f6ffentlicht wurde.<\/p>\n<p style=\"text-align:justify\">Hinweise<\/p>\n<p style=\"text-align:justify\">Die freiwillige Zwischeninformation zum 30. September 2022 der Allgeier SE wird am 14. November 2022 ver\u00f6ffentlicht und ist dann unter www.allgeier.com einzusehen.<\/p>\n<p style=\"text-align:justify\">Alle genannten Zahlen wurden gem\u00e4\u00df IFRS erstellt, sind vorl\u00e4ufig und nicht auditiert.<\/p>\n<p style=\"text-align:justify\">Es wird ferner darauf hingewiesen, dass Angaben f\u00fcr Zeitr\u00e4ume nach dem 30. September 2022 auf Annahmen und Sch\u00e4tzungen beruhende Erwartungen des Vorstands darstellen. Die k\u00fcnftigen tats\u00e4chlichen Entwicklungen und die k\u00fcnftigen tats\u00e4chlichen Ergebnisse k\u00f6nnen von diesen Annahmen und Sch\u00e4tzungen abweichen. Die Allgeier SE \u00fcbernimmt keine Gew\u00e4hrleistung und keine Haftung daf\u00fcr, dass die k\u00fcnftigen Entwicklungen und die k\u00fcnftig erzielten tats\u00e4chlichen Ergebnisse mit den in dieser Ad-hoc-Mitteilung ge\u00e4u\u00dferten Annahmen und Sch\u00e4tzungen \u00fcbereinstimmen werden.<\/p>\n<p style=\"text-align:justify\">Dieses Dokument enth\u00e4lt \u2013 in einschl\u00e4gigen Rechnungslegungsrahmen nicht genau bestimmte \u2013 erg\u00e4nzende Finanzkennzahlen, die sogenannte alternative Leistungskennzahlen sind oder sein k\u00f6nnen. Diese erg\u00e4nzenden Finanzkennzahlen k\u00f6nnen als Analyseinstrument nur eingeschr\u00e4nkt tauglich sein und sollten f\u00fcr die Beurteilung der Verm\u00f6gens-, Finanz- und Ertragslage der Allgeier SE nicht isoliert oder als Alternative zu den im Konzernabschluss dargestellten und im Einklang mit einschl\u00e4gigen Rechnungslegungsrahmen ermittelten Finanzkennzahlen herangezogen werden. Andere Unternehmen, die alternative Leistungskennzahlen mit einer \u00e4hnlichen Bezeichnung darstellen oder berichten, k\u00f6nnen diese anders berechnen, so dass sie deshalb m\u00f6glicherweise nicht vergleichbar sind. Weitere Informationen zu den von der Allgeier SE verwendeten alternativen Leistungskennzahlen finden Sie im Gesch\u00e4ftsbericht 2021.<\/p>\n<p>Kontakt:<\/p>\n<p>Allgeier SE<br \/>Corporate Communications &amp; Investor Relations<br \/>Dr. Christopher Gro\u00dfe<br \/>Einsteinstra\u00dfe 172<br \/>81677 M\u00fcnchen<br \/>Tel.: +49 (0)89\/998421-0<br \/>Fax: +49 (0)89\/998421-11<br \/>E-Mail: ir@allgeier.com<br \/>Web: www.allgeier.com<\/p>\n<p style=\"text-align:justify\">Allgeier SE ist eines der f\u00fchrenden deutschen Technologie-Unternehmen f\u00fcr digitale Transformation: Die stark wachsende Gruppe f\u00fchrt ihre Kunden durch die Herausforderungen des digitalen Wandels, um deren zuk\u00fcnftigen Erfolg sicherzustellen. Allgeier verf\u00fcgt \u00fcber eine breite und stabile Kundenbasis aus global agierenden Konzernen, leistungsstarken mittelst\u00e4ndischen Unternehmen sowie Auftraggebern des \u00f6ffentlichen Sektors auf allen f\u00f6deralen Ebenen. Den \u00fcber 2.000 Kunden bietet Allgeier ein vollumf\u00e4ngliches Software- und IT-Services-Portfolio, das von High-End-Softwareentwicklung bis hin zu Business Efficiency Solutions zur Unterst\u00fctzung der Digitalisierung und Transformation gesch\u00e4ftskritischer Prozesse reicht. Allgeier erzielt dabei Durchbr\u00fcche hin zu neuen digitalen Gesch\u00e4ftsmodellen, definiert strategische Priorit\u00e4ten und realisiert mit hoher Flexibilit\u00e4t und Skalierbarkeit bahnbrechende Software und IT-Services-Projekte, um agile und intelligente Organisationen f\u00fcr das digitale Zeitalter zu gestalten. In den beiden Konzernsegmenten Enterprise IT und mgm technology partners sind \u00fcber 3.200 angestellte Mitarbeiter an weltweit insgesamt 47 Standorten in der DACH-Region, in Frankreich, Spanien, Polen und der Tschechischen Republik sowie in Indien, Vietnam und den USA t\u00e4tig. Im Gesch\u00e4ftsjahr 2021 erzielte Allgeier im fortgef\u00fchrten Gesch\u00e4ft einen Umsatz von 403 Mio. Euro. Gem\u00e4\u00df L\u00fcnendonk\u00ae-Liste 2022 z\u00e4hlt Allgeier zu den f\u00fchrenden IT-Service-Unternehmen in Deutschland. Allgeier SE ist am Regulierten Markt der Frankfurter Wertpapierb\u00f6rse im General Standard gelistet (WKN A2GS63, ISIN DE000A2GS633). Weitere Informationen unter: www.allgeier.com<\/p>\n<\/div>\n","protected":false},"excerpt":{"rendered":"<p>ALLGEIER SE \/ Schlagwort(e): Quartalsergebnis\/Vorl\u00e4ufiges Ergebnis Allgeier SE zeigt in den ersten neun Monaten 2022 deutliches Umsatzwachstum sowie eine \u00fcberproportionale Ergebnissteigerung 09.11.2022 \/ 15:17 CET\/CEST Ver\u00f6ffentlichung einer Insiderinformation nach Artikel 17 der Verordnung (EU) Nr.<\/p>\n","protected":false},"author":2,"featured_media":0,"comment_status":"close","ping_status":"","sticky":false,"template":"","format":"standard","meta":{"footnotes":""},"categories":[14],"tags":[40],"class_list":["post-725","post","type-post","status-publish","format-standard","hentry","category-ad-hoc-mitteilungen","tag-ad-hoc-mitteilungen"],"_links":{"self":[{"href":"https:\/\/allgeier-se.seowerk.net\/de\/wp-json\/wp\/v2\/posts\/725","targetHints":{"allow":["GET"]}}],"collection":[{"href":"https:\/\/allgeier-se.seowerk.net\/de\/wp-json\/wp\/v2\/posts"}],"about":[{"href":"https:\/\/allgeier-se.seowerk.net\/de\/wp-json\/wp\/v2\/types\/post"}],"author":[{"embeddable":true,"href":"https:\/\/allgeier-se.seowerk.net\/de\/wp-json\/wp\/v2\/users\/2"}],"replies":[{"embeddable":true,"href":"https:\/\/allgeier-se.seowerk.net\/de\/wp-json\/wp\/v2\/comments?post=725"}],"version-history":[{"count":1,"href":"https:\/\/allgeier-se.seowerk.net\/de\/wp-json\/wp\/v2\/posts\/725\/revisions"}],"predecessor-version":[{"id":726,"href":"https:\/\/allgeier-se.seowerk.net\/de\/wp-json\/wp\/v2\/posts\/725\/revisions\/726"}],"wp:attachment":[{"href":"https:\/\/allgeier-se.seowerk.net\/de\/wp-json\/wp\/v2\/media?parent=725"}],"wp:term":[{"taxonomy":"category","embeddable":true,"href":"https:\/\/allgeier-se.seowerk.net\/de\/wp-json\/wp\/v2\/categories?post=725"},{"taxonomy":"post_tag","embeddable":true,"href":"https:\/\/allgeier-se.seowerk.net\/de\/wp-json\/wp\/v2\/tags?post=725"}],"curies":[{"name":"wp","href":"https:\/\/api.w.org\/{rel}","templated":true}]}}