{"id":697,"date":"2023-11-07T17:01:12","date_gmt":"2023-11-07T16:01:12","guid":{"rendered":"https:\/\/allgeier-se.seowerk.net\/?p=697"},"modified":"2025-02-11T15:21:01","modified_gmt":"2025-02-11T14:21:01","slug":"allgeier-se-setzt-die-transformation-zu-mehr-wertschoepfung-in-den-ersten-neun-monaten-2023-weiter-fort","status":"publish","type":"post","link":"https:\/\/allgeier-se.seowerk.net\/de\/ad-hoc-mitteilungen\/allgeier-se-setzt-die-transformation-zu-mehr-wertschoepfung-in-den-ersten-neun-monaten-2023-weiter-fort\/","title":{"rendered":"Allgeier SE setzt die Transformation zu mehr Wertsch\u00f6pfung in den ersten neun Monaten 2023 weiter fort"},"content":{"rendered":"<div class=\"break-word news_main\">\n<p style=\"text-align:justify\"><i>M\u00fcnchen, 07. November 2023 \u2013<\/i> Allgeier SE (ISIN DE000A2GS633, WKN A2GS63) hat in den ersten neun Monaten 2023 (01. Januar 2023 \u2013 30. September 2023) gem\u00e4\u00df vorl\u00e4ufigen Zahlen gegen\u00fcber den ersten neun Monaten des Vorjahres ein Umsatzwachstum von 4 Prozent erzielt und die Wertsch\u00f6pfung \u00fcberproportional um 9 Prozent gesteigert. Die stark wachsenden Gesch\u00e4ftsbereiche Software und IT-Services konnten dabei ein deutliches Umsatzwachstum von mehr als 20 Prozent erzielen. Das Personaldienstleistungsgesch\u00e4ft wird in einer integrierten Gesch\u00e4ftseinheit geb\u00fcndelt, um es als eigene Gesch\u00e4ftseinheit weiterzuentwickeln. Damit setzt Allgeier die Transformation des Gesch\u00e4fts in Richtung einer h\u00f6heren Wertsch\u00f6pfung weiter fort.<\/p>\n<p>Gesch\u00e4ftsentwicklung der ersten neun Monate 2023<\/p>\n<p>In Summe stieg der Umsatz des Allgeier-Konzerns in den ersten neun Monaten des Jahres 2023 gegen\u00fcber den ersten neun Monaten des Vorjahres um 4 Prozent auf 363 Mio. Euro (Vorjahr: 351 Mio. Euro). Davon entfielen 248 Mio. Euro (Vorjahr: 203 Mio. Euro) auf das Software- und IT-Services-Gesch\u00e4ft und 115 Mio. Euro (Vorjahr: 148 Mio. Euro) auf das Personaldienstleistungsgesch\u00e4ft. Die Wertsch\u00f6pfung (definiert als Gesamtleistung abz\u00fcglich der den Ums\u00e4tzen direkt zurechenbaren Umsatz- und Personalkosten) erh\u00f6hte sich in diesem Zeitraum um 9 Prozent auf 121 Mio. Euro (Vorjahr: 111 Mio. Euro), entsprechend einer Wertsch\u00f6pfungsmarge von 33 Prozent (Vorjahr: 31 Prozent). Das bereinigte EBITDA reduzierte sich um 3 Prozent auf 40 Mio. Euro (Vorjahr: 41 Mio. Euro). Die bereits beschlossenen Ma\u00dfnahmen zur Kostenreduzierung werden im Gesch\u00e4ftsjahr 2024 ma\u00dfgeblich wirken.<\/p>\n<p>Guidance f\u00fcr das Gesch\u00e4ftsjahr 2023<\/p>\n<p style=\"text-align:justify\">Aufgrund der verhalteneren Gesch\u00e4ftsentwicklung im Verlauf der ersten neun Monate sowie einer st\u00e4rkeren Reduzierung der Personaldienstleistungsums\u00e4tze im Vergleich zur urspr\u00fcnglichen Planung, passt Allgeier die Guidance f\u00fcr das Gesch\u00e4ftsjahr 2023 wie folgt an: Die Allgeier SE erwartet f\u00fcr den Gesamtkonzern einen Umsatz in der Gr\u00f6\u00dfenordnung von 490 Mio. Euro und ein bereinigtes EBITDA von rund 60 Mio. Euro. Davon werden ein Umsatz von rund 340 Mio. Euro und ein bereinigtes EBITDA vor Holdingkosten von rund 62 Mio. Euro auf das Software- und IT-Services-Gesch\u00e4ft entfallen. Auf das Personaldienstleistungsgesch\u00e4ft werden ein Umsatz von rund 150 Mio. Euro und ein bereinigtes EBITDA vor Holdingkosten von rund 5 Mio. Euro entfallen. Die Holdingkosten werden rund 7 Mio. Euro betragen.<\/p>\n<p>Hinweise<\/p>\n<p style=\"text-align:justify\">Die freiwillige Zwischeninformation zum 30. September 2023 der Allgeier SE wird am 14. November 2023 ver\u00f6ffentlicht und ist dann unter <a href=\"https:\/\/eqs-cockpit.com\/cgi-bin\/fncls.ssp?fn=redirect&amp;url=fba671096fad4fab9ee591bdc0d038d4&amp;application_id=1767477&amp;site_id=news_data&amp;application_name=news\">www.allgeier.com<\/a> einzusehen.<\/p>\n<p>Alle genannten Zahlen beziehen sich auf das fortgef\u00fchrte Gesch\u00e4ft und wurden gem\u00e4\u00df IFRS erstellt, sind vorl\u00e4ufig und nicht auditiert.<\/p>\n<p>Es wird ferner darauf hingewiesen, dass Angaben f\u00fcr Zeitr\u00e4ume nach dem 30. September 2023 auf Annahmen und Sch\u00e4tzungen beruhende Erwartungen des Vorstands darstellen. Die k\u00fcnftigen tats\u00e4chlichen Entwicklungen und die k\u00fcnftigen tats\u00e4chlichen Ergebnisse k\u00f6nnen von diesen Annahmen und Sch\u00e4tzungen abweichen. Die Allgeier SE \u00fcbernimmt keine Gew\u00e4hrleistung und keine Haftung daf\u00fcr, dass die k\u00fcnftigen Entwicklungen und die k\u00fcnftig erzielten tats\u00e4chlichen Ergebnisse mit den in dieser Ad-hoc-Mitteilung ge\u00e4u\u00dferten Annahmen und Sch\u00e4tzungen \u00fcbereinstimmen werden.<\/p>\n<p>Dieses Dokument enth\u00e4lt \u2013 in einschl\u00e4gigen Rechnungslegungsrahmen nicht genau bestimmte \u2013 erg\u00e4nzende Finanzkennzahlen, die sogenannte alternative Leistungskennzahlen sind oder sein k\u00f6nnen. Diese erg\u00e4nzenden Finanzkennzahlen k\u00f6nnen als Analyseinstrument nur eingeschr\u00e4nkt tauglich sein und sollten f\u00fcr die Beurteilung der Verm\u00f6gens-, Finanz- und Ertragslage der Allgeier SE nicht isoliert oder als Alternative zu den im Konzernabschluss dargestellten und im Einklang mit einschl\u00e4gigen Rechnungslegungsrahmen ermittelten Finanzkennzahlen herangezogen werden. Andere Unternehmen, die alternative Leistungskennzahlen mit einer \u00e4hnlichen Bezeichnung darstellen oder berichten, k\u00f6nnen diese anders berechnen, so dass sie deshalb m\u00f6glicherweise nicht vergleichbar sind. Weitere Informationen zu den von der Allgeier SE verwendeten alternativen Leistungskennzahlen finden Sie im Gesch\u00e4ftsbericht 2022.<\/p>\n<p>Kontakt:<\/p>\n<p>Allgeier SE<br \/>Corporate Communications &amp; Investor Relations<br \/>Dr. Christopher Gro\u00dfe<br \/>Einsteinstra\u00dfe 172<br \/>81677 M\u00fcnchen<br \/>Tel.: +49 (0)89\/998421-0<br \/>Fax: +49 (0)89\/998421-11<br \/>E-Mail: ir@allgeier.com<br \/>Web: www.allgeier.com<\/p>\n<p>Allgeier SE ist eines der f\u00fchrenden deutschen Technologie-Unternehmen f\u00fcr digitale Transformation: Die stark wachsende Gruppe f\u00fchrt ihre Kunden durch die Herausforderungen des digitalen Wandels, um deren zuk\u00fcnftigen Erfolg sicherzustellen. Allgeier verf\u00fcgt \u00fcber eine breite und stabile Kundenbasis aus global agierenden Konzernen, leistungsstarken mittelst\u00e4ndischen Unternehmen sowie Auftraggebern des \u00f6ffentlichen Sektors auf allen f\u00f6deralen Ebenen. Den \u00fcber 2.000 Kunden bietet Allgeier ein vollumf\u00e4ngliches Software- und IT-Services-Portfolio, das von High-End-Softwareentwicklung bis hin zu Business Efficiency Solutions zur Unterst\u00fctzung der Digitalisierung und Transformation gesch\u00e4ftskritischer Prozesse reicht. Allgeier erzielt dabei Durchbr\u00fcche hin zu neuen digitalen Gesch\u00e4ftsmodellen, definiert strategische Priorit\u00e4ten und realisiert mit hoher Flexibilit\u00e4t und Skalierbarkeit bahnbrechende Software und IT-Services-Projekte, um agile und intelligente Organisationen f\u00fcr das digitale Zeitalter zu gestalten. In den beiden Konzernsegmenten Enterprise IT und mgm technology partners sind \u00fcber 3.600 angestellte Mitarbeiter an weltweit insgesamt 47 Standorten in der DACH-Region, in Frankreich, Spanien, Portugal, Polen und Tschechien sowie in Indien, Vietnam und den USA t\u00e4tig. Im Gesch\u00e4ftsjahr 2022 erzielte Allgeier im fortgef\u00fchrten Gesch\u00e4ft einen Umsatz von 480 Mio. Euro. Gem\u00e4\u00df L\u00fcnendonk\u00ae-Liste 2022 z\u00e4hlt Allgeier zu den f\u00fchrenden IT-Service-Unternehmen in Deutschland. Allgeier SE ist am Regulierten Markt der Frankfurter Wertpapierb\u00f6rse im General Standard gelistet (WKN A2GS63, ISIN DE000A2GS633). Weitere Informationen unter: <a href=\"https:\/\/eqs-cockpit.com\/cgi-bin\/fncls.ssp?fn=redirect&amp;url=fba671096fad4fab9ee591bdc0d038d4&amp;application_id=1767477&amp;site_id=news_data&amp;application_name=news\">www.allgeier.com<\/a><\/p>\n<\/div>\n","protected":false},"excerpt":{"rendered":"<p>ALLGEIER SE \/ Schlagwort(e): 9-Monatszahlen\/Vorl\u00e4ufiges Ergebnis Allgeier SE setzt die Transformation zu mehr Wertsch\u00f6pfung in den ersten neun Monaten 2023 weiter fort 07.11.2023 \/ 17:01 CET\/CEST Ver\u00f6ffentlichung einer Insiderinformation nach Artikel 17 der Verordnung (EU) Nr. 596\/2014, \u00fcbermittelt<\/p>\n","protected":false},"author":2,"featured_media":0,"comment_status":"close","ping_status":"","sticky":false,"template":"","format":"standard","meta":{"footnotes":""},"categories":[14],"tags":[40],"class_list":["post-697","post","type-post","status-publish","format-standard","hentry","category-ad-hoc-mitteilungen","tag-ad-hoc-mitteilungen"],"_links":{"self":[{"href":"https:\/\/allgeier-se.seowerk.net\/de\/wp-json\/wp\/v2\/posts\/697","targetHints":{"allow":["GET"]}}],"collection":[{"href":"https:\/\/allgeier-se.seowerk.net\/de\/wp-json\/wp\/v2\/posts"}],"about":[{"href":"https:\/\/allgeier-se.seowerk.net\/de\/wp-json\/wp\/v2\/types\/post"}],"author":[{"embeddable":true,"href":"https:\/\/allgeier-se.seowerk.net\/de\/wp-json\/wp\/v2\/users\/2"}],"replies":[{"embeddable":true,"href":"https:\/\/allgeier-se.seowerk.net\/de\/wp-json\/wp\/v2\/comments?post=697"}],"version-history":[{"count":1,"href":"https:\/\/allgeier-se.seowerk.net\/de\/wp-json\/wp\/v2\/posts\/697\/revisions"}],"predecessor-version":[{"id":698,"href":"https:\/\/allgeier-se.seowerk.net\/de\/wp-json\/wp\/v2\/posts\/697\/revisions\/698"}],"wp:attachment":[{"href":"https:\/\/allgeier-se.seowerk.net\/de\/wp-json\/wp\/v2\/media?parent=697"}],"wp:term":[{"taxonomy":"category","embeddable":true,"href":"https:\/\/allgeier-se.seowerk.net\/de\/wp-json\/wp\/v2\/categories?post=697"},{"taxonomy":"post_tag","embeddable":true,"href":"https:\/\/allgeier-se.seowerk.net\/de\/wp-json\/wp\/v2\/tags?post=697"}],"curies":[{"name":"wp","href":"https:\/\/api.w.org\/{rel}","templated":true}]}}