{"id":4075,"date":"2022-02-28T11:21:39","date_gmt":"2022-02-28T10:21:39","guid":{"rendered":"https:\/\/allgeier-se.seowerk.net\/unkategorisiert\/allgeier-se-staerkt-das-rasch-wachsende-public-geschaeft-mit-erfahrenem-branchenexperten-im-top-management-2\/"},"modified":"2025-02-28T19:14:13","modified_gmt":"2025-02-28T18:14:13","slug":"allgeier-se-staerkt-das-rasch-wachsende-public-geschaeft-mit-erfahrenem-branchenexperten-im-top-management-2","status":"publish","type":"post","link":"https:\/\/allgeier-se.seowerk.net\/de\/pressemitteilungen\/allgeier-se-staerkt-das-rasch-wachsende-public-geschaeft-mit-erfahrenem-branchenexperten-im-top-management-2\/","title":{"rendered":"Allgeier SE st\u00e4rkt das rasch wachsende Public-Gesch\u00e4ft mit erfahrenem Branchenexperten im Top-Management"},"content":{"rendered":"<table class=\"news_layout style2015\" border=\"0\" cellpadding=\"0\" cellspacing=\"0\">\n<tr>\n<td>\n<p class=\"news_top\">DGAP-Media \/ <span class=\"news_top_date\">28.02.2022 \/ 12:21 <\/span><\/p>\n<div class=\"break-word  news_main\">\n<p><b>Markus Kaiser wird Vorstand im Gesch\u00e4ftsbereich Enterprise IT<\/b><\/p>\n<p><i>M\u00fcnchen, 28. Februar 2022 &#8211;<\/i> Die Allgeier SE baut das stark wachsende Gesch\u00e4ft mit \u00f6ffentlichen Auftraggebern deutlich aus. Als einer der f\u00fchrenden deutschen IT-Service-, Software- und Digitalisierungsprovider unterst\u00fctzt Allgeier die verantwortlichen Stellen auf Bundes-, Landes- und kommunaler Ebene bei der Digitalisierung der \u00f6ffentlichen Verwaltungen. Das Leistungsangebot reicht von der Konzeption und Architekturberatung, \u00fcber die Umsetzung der Entwicklung bis hin zur Implementierung von organisations\u00fcbergreifenden Softwareplattformen und anwendungsspezifischen Softwarel\u00f6sungen. Die Umsetzung dieser Anwendungswelten erfolgt mit modernsten Konzepten, insbesondere mit Open Source-basierten Technologien und KI-gest\u00fctzten IoT-Anwendungen. Dar\u00fcber hinaus reicht das Technologiespektrum von Allgeier auch tief in die infrastrukturnahen Systemwelten wie Cloud Containerisierung, Cyber Security, Managed Services und User Help Desk Services.<\/p>\n<p>Das Top-F\u00fchrungsteam wird in diesem Bereich hochkar\u00e4tig erweitert: Markus Kaiser (49) verst\u00e4rkt die Allgeier-Mannschaft ab Februar 2022 als Vorstand im Gesch\u00e4ftssegment Bereich Enterprise IT. Er besitzt eine langj\u00e4hrige Erfahrung und tiefes praktisches Umsetzungs-Know-how im Bereich der digitalen Transformation sowohl auf Seiten der \u00f6ffentlichen Auftraggeber als auch auf Seiten der Fachdienstleister. Zuvor war er seit 2016 Gesch\u00e4ftsf\u00fchrer der Bundesrechenzentrum GmbH in \u00d6sterreich und hat dort sowohl die IT-Konsolidierung der Bundesverwaltung als auch Digitalisierungsprojekte der Fachministerien wesentlich mitgestaltet. \u00d6sterreich wurde zuletzt unter den Top 3 des E-Government Benchmarks der EU-Kommission gef\u00fchrt. Als Pr\u00e4sident von Euritas, dem europ\u00e4ischen Verband der \u00f6ffentlich-rechtlichen IT-Serviceprovider hat Markus Kaiser in den vergangenen beiden Jahren vor allem die Abstimmung der Anforderungen der Verwaltung an globale Hyperscaler vorangetrieben. Zuvor hat er \u00fcber viele Jahre in internationalen und deutschen Management-Positionen bei Siemens und sp\u00e4ter bei Atos das IT- und Digitalisierungsgesch\u00e4ft ma\u00dfgeblich aufgebaut.<\/p>\n<p>Stellvertretend f\u00fcr alle Allgeier-Kolleginnen und -Kollegen hei\u00dfen die Vorst\u00e4nde der Allgeier SE, Hubert Rohrer und Marcus Goedsche, den Top-Manager herzlich willkommen. &#8222;Wir freuen uns sehr, dass wir einen sympathischen und kompetenten Kollegen mit reichem Erfahrungsschatz bei uns im Team begr\u00fc\u00dfen d\u00fcrfen. Gemeinsam werden wir unsere zahlreichen Kunden im \u00f6ffentlichen Bereich bei den umfassenden Herausforderungen der Digitalisierung auf Augenh\u00f6he und als langfristiger Partner verl\u00e4sslich unterst\u00fctzen&#8220;, sagt der verantwortliche Vorstand Hubert Rohrer.<\/p>\n<p>Kontakt:<\/p>\n<p>Allgeier SE<br \/>Corporate Communications &amp; Investor Relations<br \/>Dr. Christopher Gro\u00dfe<br \/>Einsteinstra\u00dfe 172<br \/>81677 M\u00fcnchen<br \/>Tel.: +49 (0)89\/998421-0<br \/>Fax: +49 (0)89\/998421-11<br \/>E-Mail: pr@allgeier.com<br \/>Web: www.allgeier.com<\/p>\n<p>Allgeier SE ist eines der f\u00fchrenden Technologie-Unternehmen f\u00fcr digitale Transformation: Die stark wachsende Gruppe mit Hauptsitz in M\u00fcnchen f\u00fchrt ihre Kunden durch die Herausforderungen des digitalen Wandels, um deren zuk\u00fcnftigen Erfolg sicherzustellen. Allgeier verf\u00fcgt \u00fcber eine breite und stabile Kundenbasis aus global agierenden Konzernen, leistungsstarken mittelst\u00e4ndischen Unternehmen sowie Auftraggebern des \u00f6ffentlichen Sektors. Den \u00fcber 2.000 Kunden bietet Allgeier ein vollumf\u00e4ngliches IT- und Software-Services-Portfolio, das von High-End-Softwareentwicklung bis hin zu Business Efficiency Solutions zur Unterst\u00fctzung der Digitalisierung und Transformation gesch\u00e4ftskritischer Prozesse reicht. Allgeier erzielt dabei Durchbr\u00fcche hin zu neuen digitalen Gesch\u00e4ftsmodellen, definiert strategische Priorit\u00e4ten und realisiert mit hoher Flexibilit\u00e4t und Skalierbarkeit bahnbrechende Projekte, um agile und intelligente Organisationen f\u00fcr das digitale Zeitalter zu gestalten. In den beiden Konzernsegmenten Enterprise IT und mgm technology partners sind \u00fcber 2.500 angestellte Mitarbeiter und rund 700 freiberufliche Experten an weltweit insgesamt 80 Standorten in der DACH-Region, in Frankreich und der Tschechischen Republik sowie in Indien, Vietnam, Brasilien, Kanada und den USA t\u00e4tig. Im Gesch\u00e4ftsjahr 2020 erzielte Allgeier im fortgef\u00fchrten Gesch\u00e4ft einen Umsatz von 352 Mio. Euro. Gem\u00e4\u00df L\u00fcnendonk(R)-Liste 2021 z\u00e4hlt Allgeier zu den f\u00fchrenden IT-Beratungs- und Systemintegrations-Unternehmen in Deutschland. Allgeier SE ist am Regulierten Markt der Frankfurter Wertpapierb\u00f6rse im General Standard gelistet (WKN A2GS63, ISIN DE000A2GS633). Weitere Informationen unter: www.allgeier.com<\/p>\n<\/div>\n<p>Ende der Pressemitteilung<\/p>\n<hr>\n<p>Emittent\/Herausgeber: ALLGEIER SE<br \/>Schlagwort(e): Informationstechnologie<\/p>\n<p class=\"news_bottom\">28.02.2022  Ver\u00f6ffentlichung einer Pressemitteilung, \u00fcbermittelt durch DGAP &#8211; ein Service der EQS Group AG.<br \/>F\u00fcr den Inhalt der Mitteilung ist der Emittent \/ Herausgeber verantwortlich.<\/p>\n<p>Die DGAP Distributionsservices umfassen gesetzliche Meldepflichten, Corporate News\/Finanznachrichten und Pressemitteilungen.<br \/>Medienarchiv unter http:\/\/www.dgap.de<\/p>\n<hr>\n<\/td>\n<\/tr>\n<\/table>\n<table class=\"news_footer_layout\" cellpadding=\"0\" cellspacing=\"0\">\n<tr>\n<td align=\"left\" valign=\"top\" class=\"first_column column_1\" nowrap>Sprache:<\/td>\n<td align=\"left\" valign=\"top\" class=\"column_2\">Deutsch<\/td>\n<\/tr>\n<tr>\n<td align=\"left\" valign=\"top\" class=\"column_1\" nowrap>Unternehmen:<\/td>\n<td align=\"left\" valign=\"top\" class=\"column_2\">ALLGEIER SE<\/td>\n<\/tr>\n<tr>\n<td align=\"left\" valign=\"top\" class=\"column_1\"><\/td>\n<td align=\"left\" valign=\"top\" class=\"column_2\">Einsteinstra\u00dfe 172<\/td>\n<\/tr>\n<tr>\n<td align=\"left\" valign=\"top\" class=\"column_1\"><\/td>\n<td align=\"left\" valign=\"top\" class=\"column_2\">81677 M\u00fcnchen<\/td>\n<\/tr>\n<tr>\n<td align=\"left\" valign=\"top\" class=\"column_1\"><\/td>\n<td align=\"left\" valign=\"top\" class=\"column_2\">Deutschland<\/td>\n<\/tr>\n<tr>\n<td align=\"left\" valign=\"top\" class=\"column_1\" nowrap>Telefon:<\/td>\n<td align=\"left\" valign=\"top\" class=\"column_2\">+49 (0) 89 &#8211; 99 84 21 0<\/td>\n<\/tr>\n<tr>\n<td align=\"left\" valign=\"top\" class=\"column_1\" nowrap>Fax:<\/td>\n<td align=\"left\" valign=\"top\" class=\"column_2\">+49 (0) 89 &#8211; 99 84 21 11<\/td>\n<\/tr>\n<tr>\n<td align=\"left\" valign=\"top\" class=\"column_1\" nowrap>E-Mail:<\/td>\n<td align=\"left\" valign=\"top\" class=\"column_2\">info@allgeier.com<\/td>\n<\/tr>\n<tr>\n<td align=\"left\" valign=\"top\" class=\"column_1\" nowrap>Internet:<\/td>\n<td align=\"left\" valign=\"top\" class=\"column_2\">http:\/\/www.allgeier.com<\/td>\n<\/tr>\n<tr>\n<td align=\"left\" valign=\"top\" class=\"column_1\" nowrap>ISIN:<\/td>\n<td align=\"left\" valign=\"top\" class=\"column_2\">DE000A2GS633<\/td>\n<\/tr>\n<tr>\n<td align=\"left\" valign=\"top\" class=\"column_1\" nowrap>WKN:<\/td>\n<td align=\"left\" valign=\"top\" class=\"column_2\">A2GS63<\/td>\n<\/tr>\n<tr>\n<td align=\"left\" valign=\"top\" class=\"column_1\" nowrap>Indizes:<\/td>\n<td align=\"left\" valign=\"top\" class=\"column_2\">CDAX<\/td>\n<\/tr>\n<tr>\n<td align=\"left\" valign=\"top\" class=\"column_1\">B\u00f6rsen:<\/td>\n<td align=\"left\" valign=\"top\" class=\"column_2\">Regulierter Markt in Frankfurt (General Standard); Freiverkehr in Berlin, D\u00fcsseldorf, Hamburg, Stuttgart, Tradegate Exchange<\/td>\n<\/tr>\n<tr>\n<td align=\"left\" valign=\"top\" class=\"column_1\" nowrap>EQS News ID:<\/td>\n<td align=\"left\" valign=\"top\" class=\"column_2\">1290033<\/td>\n<\/tr>\n<\/table>\n<p><\/p>\n<table class=\"news_footer_layout\" border=\"0\" cellpadding=\"0\" cellspacing=\"0\">\n<tr>\n<td align=\"left\" valign=\"top\" colspan=\"2\"><\/td>\n<\/tr>\n<\/table>\n<table class=\"news_layout news_layout_footer_end\" border=\"0\" cellpadding=\"0\" cellspacing=\"0\">\n<tr>\n<td align=\"left\" valign=\"top\" colspan=\"2\">&nbsp;<\/td>\n<\/tr>\n<tr>\n<td align=\"left\" valign=\"top\" class=\"column_1\">Ende der Mitteilung<\/td>\n<td align=\"left\" valign=\"top\" class=\"column_2\">DGAP-Media<\/td>\n<\/tr>\n<\/table>\n<p><img class=\"lazyload\" decoding=\"async\" src=\"data:image\/gif;base64,R0lGODlhAQABAAAAACH5BAEKAAEALAAAAAABAAEAAAICTAEAOw==\" data-orig-src=\"https:\/\/allgeier-se.seowerk.net\/wp-content\/uploads\/2025\/02\/fncls.gif\" alt=\"show this\" width=\"0\" height=\"0\" border=\"0\"><\/p>\n","protected":false},"excerpt":{"rendered":"<p>DGAP-Media \/ 28.02.2022 \/ 12:21 Markus Kaiser wird Vorstand im Gesch\u00e4ftsbereich Enterprise IT M\u00fcnchen, 28. Februar 2022 &#8211; Die Allgeier SE baut das stark wachsende Gesch\u00e4ft mit \u00f6ffentlichen Auftraggebern deutlich aus. Als einer der f\u00fchrenden deutschen IT-Service-, Software- und Digitalisierungsprovider unterst\u00fctzt Allgeier die verantwortlichen Stellen auf Bundes-, Landes- und kommunaler  [&#8230;]<\/p>\n","protected":false},"author":2,"featured_media":0,"comment_status":"closed","ping_status":"closed","sticky":false,"template":"","format":"standard","meta":{"footnotes":""},"categories":[17],"tags":[],"class_list":["post-4075","post","type-post","status-publish","format-standard","hentry","category-pressemitteilungen"],"_links":{"self":[{"href":"https:\/\/allgeier-se.seowerk.net\/de\/wp-json\/wp\/v2\/posts\/4075","targetHints":{"allow":["GET"]}}],"collection":[{"href":"https:\/\/allgeier-se.seowerk.net\/de\/wp-json\/wp\/v2\/posts"}],"about":[{"href":"https:\/\/allgeier-se.seowerk.net\/de\/wp-json\/wp\/v2\/types\/post"}],"author":[{"embeddable":true,"href":"https:\/\/allgeier-se.seowerk.net\/de\/wp-json\/wp\/v2\/users\/2"}],"replies":[{"embeddable":true,"href":"https:\/\/allgeier-se.seowerk.net\/de\/wp-json\/wp\/v2\/comments?post=4075"}],"version-history":[{"count":1,"href":"https:\/\/allgeier-se.seowerk.net\/de\/wp-json\/wp\/v2\/posts\/4075\/revisions"}],"predecessor-version":[{"id":4076,"href":"https:\/\/allgeier-se.seowerk.net\/de\/wp-json\/wp\/v2\/posts\/4075\/revisions\/4076"}],"wp:attachment":[{"href":"https:\/\/allgeier-se.seowerk.net\/de\/wp-json\/wp\/v2\/media?parent=4075"}],"wp:term":[{"taxonomy":"category","embeddable":true,"href":"https:\/\/allgeier-se.seowerk.net\/de\/wp-json\/wp\/v2\/categories?post=4075"},{"taxonomy":"post_tag","embeddable":true,"href":"https:\/\/allgeier-se.seowerk.net\/de\/wp-json\/wp\/v2\/tags?post=4075"}],"curies":[{"name":"wp","href":"https:\/\/api.w.org\/{rel}","templated":true}]}}