{"id":4045,"date":"2020-05-07T14:22:25","date_gmt":"2020-05-07T12:22:25","guid":{"rendered":"https:\/\/allgeier-se.seowerk.net\/unkategorisiert\/sven-herzberg-zum-vorstand-der-allgeier-management-ag-und-geschaeftsfuehrer-der-u-n-p-software-gmbh-berufen\/"},"modified":"2025-02-28T19:14:04","modified_gmt":"2025-02-28T18:14:04","slug":"sven-herzberg-zum-vorstand-der-allgeier-management-ag-und-geschaeftsfuehrer-der-u-n-p-software-gmbh-berufen","status":"publish","type":"post","link":"https:\/\/allgeier-se.seowerk.net\/de\/pressemitteilungen\/sven-herzberg-zum-vorstand-der-allgeier-management-ag-und-geschaeftsfuehrer-der-u-n-p-software-gmbh-berufen\/","title":{"rendered":"Sven Herzberg zum Vorstand der Allgeier Management AG und Gesch\u00e4ftsf\u00fchrer der U.N.P.-Software GmbH berufen"},"content":{"rendered":"<p><em>M\u00fcnchen, 07.05.2020 &#8211; <\/em>Der Aufsichtsrat der Allgeier Management AG hat mit Wirkung ab dem 01. M\u00e4rz 2020 Herrn Sven Herzberg als weiteres Vorstandsmitglied bestellt. Die Allgeier Management AG ist eine 100%ige Tochtergesellschaft der Allgeier SE mit dem Fokus auf Beratung in den Themen Unternehmensorganisation, Management und Unternehmensf\u00fchrung.<\/p>\n<div>Weiterhin hat Herr Sven Herzberg die Position als weiterer Gesch\u00e4ftsf\u00fchrer der U.N.P.-Software GmbH zum 01. M\u00e4rz 2020 \u00fcbernommen. U.N.P.-Software ist ebenfalls Teil der Allgeier Gruppe.<\/p>\n<p>\u201eWir freuen uns sehr, Sven Herzberg wieder in unser Management-Team begr\u00fc\u00dfen zu k\u00f6nnen. Wir haben mit Sven Herzberg in der Vergangenheit sehr erfolgreich zusammengearbeitet und ihn als ausgewiesenen Management-Experten und als Kenner des Marktes f\u00fcr flexible IT-Personaldienstleistungen sch\u00e4tzen gelernt. In der Zukunft m\u00f6chten wir unsere operative Exzellenz durch eine engere Kooperation unseres Personaldienstleistungsgesch\u00e4fts mit unserem IT Services-Gesch\u00e4ft weiter steigern und im Wettbewerb eine Spitzenposition erreichen. Wir sind \u00fcberzeugt, dass Herr Herzberg einen wertvollen Beitrag zur Unterst\u00fctzung dieses Prozesses und zur erfolgreichen Weiterentwicklung unserer Gruppe leisten wird\u201c, so Carl Georg D\u00fcrschmidt, Vorstand der Allgeier SE.<\/p>\n<p>\u201eSven Herzberg bringt als weiterer Gesch\u00e4ftsf\u00fchrer die idealen Voraussetzungen f\u00fcr die weitere Entwicklung und das k\u00fcnftige Wachstum der U.N.P.- Software GmbH mit\u201c, so Norbert Pauels, Aufsichtsrat der U.N.P.- Software GmbH. \u201eDar\u00fcber hinaus verf\u00fcgt er \u00fcber umfassende Erfahrung in der Entwicklung und Steuerung von IT-Dienstleistungsunternehmen. Wir freuen uns sehr, dass wir mit der Berufung von Sven Herzberg ein klares Signal f\u00fcr das weitere Wachstum der U.N.P.- Software GmbH setzen k\u00f6nnen.\u201c<\/p>\n<p>J\u00fcrgen Schwabe, seit 2007 alleiniger Gesch\u00e4ftsf\u00fchrer der U.N.P.- Software GmbH, und Sven Herzberg verbindet bereits seit 2006 ein gemeinsamer beruflicher Weg innerhalb der Allgeier Gruppe. \u201eIch freue mich auf Sven als meinen Gesch\u00e4ftsf\u00fchrerkollegen und auf eine zuk\u00fcnftig erfolgreiche Zusammenarbeit\u201c, so J\u00fcrgen Schwabe.<\/p>\n<p>Sven Herzberg war bereits von 2006 bis 2016 im Management der Allgeier Gruppe t\u00e4tig, unter anderem als Vorstand der Goetzfried AG und anschlie\u00dfend von 2013 bis 2016 als CEO der Allgeier Experts SE. Von September 2016 bis Dezember 2017 war Sven Herzberg Vorstand der IT Competence Group AG. Im Anschluss wirkte er bis Ende 2019 bei K2 Partnering Solutions als Managing Director und war als solcher f\u00fcr Deutschland und die Schweiz verantwortlich.<\/p><\/div>\n<div><\/div>\n<div><img decoding=\"async\" class=\"lazyload  fit-scale-down  alignnone\" src=\"data:image\/svg+xml,%3Csvg%20xmlns%3D%27http%3A%2F%2Fwww.w3.org%2F2000%2Fsvg%27%20width%3D%27307%27%20height%3D%27460%27%20viewBox%3D%270%200%20307%20460%27%3E%3Crect%20width%3D%27307%27%20height%3D%27460%27%20fill-opacity%3D%220%22%2F%3E%3C%2Fsvg%3E\" data-orig-src=\"https:\/\/allgeier-se.seowerk.net\/wp-content\/uploads\/2025\/02\/web_01-a.jpg\" alt=\"\" width=\"307\" height=\"460\" \/><\/div>\n<p>&nbsp;<\/p>\n","protected":false},"excerpt":{"rendered":"<p>M\u00fcnchen, 07.05.2020 &#8211; Der Aufsichtsrat der Allgeier Management AG hat mit Wirkung ab dem 01. M\u00e4rz 2020 Herrn Sven Herzberg als weiteres Vorstandsmitglied bestellt. Die Allgeier Management AG ist eine 100%ige Tochtergesellschaft der Allgeier SE mit dem Fokus auf Beratung in den Themen Unternehmensorganisation, Management und Unternehmensf\u00fchrung. Weiterhin hat Herr  [&#8230;]<\/p>\n","protected":false},"author":2,"featured_media":0,"comment_status":"closed","ping_status":"closed","sticky":false,"template":"","format":"standard","meta":{"footnotes":""},"categories":[17],"tags":[],"class_list":["post-4045","post","type-post","status-publish","format-standard","hentry","category-pressemitteilungen"],"_links":{"self":[{"href":"https:\/\/allgeier-se.seowerk.net\/de\/wp-json\/wp\/v2\/posts\/4045","targetHints":{"allow":["GET"]}}],"collection":[{"href":"https:\/\/allgeier-se.seowerk.net\/de\/wp-json\/wp\/v2\/posts"}],"about":[{"href":"https:\/\/allgeier-se.seowerk.net\/de\/wp-json\/wp\/v2\/types\/post"}],"author":[{"embeddable":true,"href":"https:\/\/allgeier-se.seowerk.net\/de\/wp-json\/wp\/v2\/users\/2"}],"replies":[{"embeddable":true,"href":"https:\/\/allgeier-se.seowerk.net\/de\/wp-json\/wp\/v2\/comments?post=4045"}],"version-history":[{"count":1,"href":"https:\/\/allgeier-se.seowerk.net\/de\/wp-json\/wp\/v2\/posts\/4045\/revisions"}],"predecessor-version":[{"id":4047,"href":"https:\/\/allgeier-se.seowerk.net\/de\/wp-json\/wp\/v2\/posts\/4045\/revisions\/4047"}],"wp:attachment":[{"href":"https:\/\/allgeier-se.seowerk.net\/de\/wp-json\/wp\/v2\/media?parent=4045"}],"wp:term":[{"taxonomy":"category","embeddable":true,"href":"https:\/\/allgeier-se.seowerk.net\/de\/wp-json\/wp\/v2\/categories?post=4045"},{"taxonomy":"post_tag","embeddable":true,"href":"https:\/\/allgeier-se.seowerk.net\/de\/wp-json\/wp\/v2\/tags?post=4045"}],"curies":[{"name":"wp","href":"https:\/\/api.w.org\/{rel}","templated":true}]}}