{"id":4023,"date":"2017-10-10T17:25:55","date_gmt":"2017-10-10T15:25:55","guid":{"rendered":"https:\/\/allgeier-se.seowerk.net\/unkategorisiert\/allgeier-experts-se-neues-fuehrungsteam\/"},"modified":"2025-02-28T19:14:02","modified_gmt":"2025-02-28T18:14:02","slug":"allgeier-experts-se-neues-fuehrungsteam","status":"publish","type":"post","link":"https:\/\/allgeier-se.seowerk.net\/de\/pressemitteilungen\/allgeier-experts-se-neues-fuehrungsteam\/","title":{"rendered":"Allgeier Experts SE: Neues F\u00fchrungsteam"},"content":{"rendered":"<p><em>Wiesbaden, 10. Oktober 2017 \u2013 <\/em>Die Allgeier-Tochtergesellschaft Allgeier Experts SE stellt ihre F\u00fchrung neu auf und setzt dabei auf ein Gesch\u00e4ftsleitungsgremiun. Im Rahmen der strategischen Neuausrichtung des F\u00fchrungsteams wurde Annette Mainka am 09. Oktober 2017 in den Vorstand der Allgeier Experts berufen.<\/p>\n<p>Dort bildet sie ab sofort gemeinsam mit Vorstandskollege Markus Ley und Vertretern der operativen Allgeier Experts-Einheiten das neue Gesch\u00e4ftsleitungsteam. Nach erfolgreicher Konsolidierung der Allgeier Personal Services-Gesellschaften unter der gemeinsamen Dachmarke Allgeier Experts verlassen Dr. Marcus Goedsche, Thomas G\u00f6tzfried und Oliver Starzonek den bisherigen Vorstand.<\/p>\n<p>Hier gelangen Sie zur Pressemitteilung der Allgeier Experts SE:<\/p>\n<p><a href=\"http:\/\/www.allgeier-experts.com\/ueber-uns\/news\/detail\/allgeier-experts-stellt-fuehrung-neu-auf\/\" target=\"_blank\">Allgeier Experts stellt F\u00fchrung neu auf<\/a><\/p>\n<p>&nbsp;<\/p>\n<p><a href=\"https:\/\/www.allgeier.com\/de\/wp-content\/uploads\/sites\/3\/2017\/10\/Annette-Mainka_Markus-Ley_Vorstand-Allgeier-Experts.jpg\" rel=\"attachment wp-att-2441\"><img decoding=\"async\" class=\"lazyload alignnone size-medium wp-image-2441\" src=\"data:image\/svg+xml,%3Csvg%20xmlns%3D%27http%3A%2F%2Fwww.w3.org%2F2000%2Fsvg%27%20width%3D%27300%27%20height%3D%27200%27%20viewBox%3D%270%200%20300%20200%27%3E%3Crect%20width%3D%27300%27%20height%3D%27200%27%20fill-opacity%3D%220%22%2F%3E%3C%2Fsvg%3E\" data-orig-src=\"https:\/\/allgeier-se.seowerk.net\/wp-content\/uploads\/2025\/02\/Annette-Mainka_Markus-Ley_Vorstand-Allgeier-Experts-300x200-1.jpg\" alt=\"Annette Mainka_Markus Ley_Vorstand Allgeier Experts\" width=\"300\" height=\"200\" \/><\/a><\/p>\n","protected":false},"excerpt":{"rendered":"<p>Wiesbaden, 10. Oktober 2017 \u2013 Die Allgeier-Tochtergesellschaft Allgeier Experts SE stellt ihre F\u00fchrung neu auf und setzt dabei auf ein Gesch\u00e4ftsleitungsgremiun. Im Rahmen der strategischen Neuausrichtung des F\u00fchrungsteams wurde Annette Mainka am 09. Oktober 2017 in den Vorstand der Allgeier Experts berufen. Dort bildet sie ab sofort gemeinsam mit Vorstandskollege  [&#8230;]<\/p>\n","protected":false},"author":2,"featured_media":0,"comment_status":"closed","ping_status":"closed","sticky":false,"template":"","format":"standard","meta":{"footnotes":""},"categories":[17],"tags":[],"class_list":["post-4023","post","type-post","status-publish","format-standard","hentry","category-pressemitteilungen"],"_links":{"self":[{"href":"https:\/\/allgeier-se.seowerk.net\/de\/wp-json\/wp\/v2\/posts\/4023","targetHints":{"allow":["GET"]}}],"collection":[{"href":"https:\/\/allgeier-se.seowerk.net\/de\/wp-json\/wp\/v2\/posts"}],"about":[{"href":"https:\/\/allgeier-se.seowerk.net\/de\/wp-json\/wp\/v2\/types\/post"}],"author":[{"embeddable":true,"href":"https:\/\/allgeier-se.seowerk.net\/de\/wp-json\/wp\/v2\/users\/2"}],"replies":[{"embeddable":true,"href":"https:\/\/allgeier-se.seowerk.net\/de\/wp-json\/wp\/v2\/comments?post=4023"}],"version-history":[{"count":1,"href":"https:\/\/allgeier-se.seowerk.net\/de\/wp-json\/wp\/v2\/posts\/4023\/revisions"}],"predecessor-version":[{"id":4025,"href":"https:\/\/allgeier-se.seowerk.net\/de\/wp-json\/wp\/v2\/posts\/4023\/revisions\/4025"}],"wp:attachment":[{"href":"https:\/\/allgeier-se.seowerk.net\/de\/wp-json\/wp\/v2\/media?parent=4023"}],"wp:term":[{"taxonomy":"category","embeddable":true,"href":"https:\/\/allgeier-se.seowerk.net\/de\/wp-json\/wp\/v2\/categories?post=4023"},{"taxonomy":"post_tag","embeddable":true,"href":"https:\/\/allgeier-se.seowerk.net\/de\/wp-json\/wp\/v2\/tags?post=4023"}],"curies":[{"name":"wp","href":"https:\/\/api.w.org\/{rel}","templated":true}]}}