{"id":3894,"date":"2008-10-07T12:15:02","date_gmt":"2008-10-07T10:15:02","guid":{"rendered":"https:\/\/allgeier-se.seowerk.net\/unkategorisiert\/dgap-news-allgeier-verstaerkt-vorstand\/"},"modified":"2008-10-07T12:15:02","modified_gmt":"2008-10-07T10:15:02","slug":"dgap-news-allgeier-verstaerkt-vorstand","status":"publish","type":"post","link":"https:\/\/allgeier-se.seowerk.net\/de\/pressemitteilungen\/dgap-news-allgeier-verstaerkt-vorstand\/","title":{"rendered":"DGAP-News: Allgeier verst\u00e4rkt Vorstand"},"content":{"rendered":"<p>F\u00fchrender Anbieter f\u00fcr IT- und Personal-Service weiter auf Wachstumskurs<\/p>\n<p>M\u00fcnchen, 08. Oktober 2008. Der Aufsichtsrat der Allgeier Holding AG hat mit<br \/>\nheutiger Wirkung Herrn Dr. Holger von Daniels und Herrn Dr. Marcus Goedsche<br \/>\nin den Vorstand berufen.<\/p>\n<p>Herr Dr. von Daniels und Herr Dr. Goedsche sind seit circa zwei Jahren in<br \/>\nder Gesch\u00e4ftleitung der Allgeier Holding AG. Herr Dr. von Daniels war zuvor<br \/>\nbei Roland Berger Strategy Consultans, wo er als Projektmanager, Principal<br \/>\nund Mitglied der Gesch\u00e4ftsleitung strategische Reorganisationsprojekte bei<br \/>\neurop\u00e4ischen Mittelstandsunternehmen verantwortete. Herr Dr. Goedsche war<br \/>\nzuvor als Rechtsanwalt und Partner bei der internationalen<br \/>\nWirtschaftskanzlei Beiten Burkhardt im Bereich Gesellschafts- und<br \/>\nKapitalmarktrecht t\u00e4tig. Die Allgeier Holding begleitete er bereits vor<br \/>\nseinem endg\u00fcltigen Wechsel bei einer Vielzahl von Transaktionen als<br \/>\nexterner Berater.<\/p>\n<p>Wachstumsstrategie wird fortgesetzt<\/p>\n<p>Allgeier reagiert mit der Verst\u00e4rkung des Vorstands auf die erreichte Gr\u00f6\u00dfe<br \/>\nund bereitet sich auf die Fortsetzung des Wachstumskurses und die damit<br \/>\nverbundenen Herausforderungen vor.<\/p>\n<p>Allgeier konzentriert sich auf den stark wachsenden Markt f\u00fcr IT-Services<br \/>\nsowie auf angrenzende Dienstleistungsgesch\u00e4fte. In diesem Jahr konnte die<br \/>\nGruppe bereits durch die Akquisition von zwei weiteren IT<br \/>\nDienstleistungsgesellschaften gest\u00e4rkt werden. Trotz des aktuellen<br \/>\nR\u00fcckgangs der Konjunkturprognosen erwartet Allgeier nach einem<br \/>\nerfolgreichen ersten Halbjahr eine Fortsetzung des Wachstumskurses in 2008<br \/>\nund pr\u00fcft weitere Akquisitionen.<\/p>\n<p>Allgeier Holding AG<br \/>\nCarl Georg D\u00fcrschmidt<\/p>\n<p>Wehrlestra\u00dfe 12<br \/>\nD-81679 M\u00fcnchen<br \/>\nTel.: 089-998421-0<br \/>\nFax: 089-998421-11<br \/>\nwww.allgeier-holding.de<\/p>\n<p>Kurzprofil Allgeier Holding AG:<br \/>\nDie Allgeier Holding AG ist eine Dienstleistungsgruppe, die sich auf den<br \/>\nwachsenden Markt f\u00fcr Dienstleistungen zur Flexibilisierung von Arbeits- und<br \/>\nKostenstrukturen fokussiert. Nach dem Verkauf der Zeitarbeitseinheit<br \/>\nkonzentriert sich Allgeier auf den stark wachsenden Markt f\u00fcr IT-Services<br \/>\nsowie auf angrenzende Dienstleistungsgesch\u00e4fte. Die IT-Service<br \/>\nGesellschaften unterst\u00fctzen Kunden bei der Umsetzung von Innovationen, der<br \/>\nVerbesserung des Informationsflusses und der Optimierung von<br \/>\nGesch\u00e4ftsprozessen und der Bereitstellung von flexiblen IT-Experten. Die<br \/>\nUnternehmen innerhalb von Allgeier arbeiten eigenst\u00e4ndig mit allen<br \/>\nVorteilen mittelst\u00e4ndischer Flexibilit\u00e4t, Schnelligkeit,<br \/>\nServiceorientierung und Innovations\u00ackraft. Unter dem Dach von Allgeier<br \/>\nverbinden sich diese Vorteile mit der Nutzung von Synergien, der Sicherheit<br \/>\nund der Schlagkraft einer f\u00fchrenden b\u00f6rsennotierten Unternehmensgruppe.<br \/>\nDurch ein breites Service-Leistungsspektrum sowie geb\u00fcndelte Kompetenz und<br \/>\nGr\u00f6\u00dfe werden nachhaltig steigende Werte f\u00fcr Kunden und Investoren<br \/>\ngeschaffen. Die Allgeier-Gruppe besch\u00e4ftigt zurzeit rund 1.800<br \/>\nIT-Spezialisten und kann auf eine breite Kundenstruktur quer durch alle<br \/>\ndeutschen Industrien verweisen. Die Allgeier Holding AG ist am regulierten<br \/>\nMarkt der Frankfurter B\u00f6rse im Segment General Standard notiert (WKN<br \/>\n508630\/ISIN DE000508630). Weitere Informationen unter: www.allgeier.com.<\/p>\n<p>08.10.2008\u00a0Finanznachrichten \u00fcbermittelt durch die DGAP]]&gt;<\/p>\n","protected":false},"excerpt":{"rendered":"<p>F\u00fchrender Anbieter f\u00fcr IT- und Personal-Service weiter auf Wachstumskurs M\u00fcnchen, 08. Oktober 2008. Der Aufsichtsrat der Allgeier Holding AG hat mit heutiger Wirkung Herrn Dr. Holger von Daniels und Herrn Dr. Marcus Goedsche in den Vorstand berufen. Herr Dr. von Daniels und Herr Dr. Goedsche sind seit circa zwei Jahren  [&#8230;]<\/p>\n","protected":false},"author":2,"featured_media":0,"comment_status":"closed","ping_status":"closed","sticky":false,"template":"","format":"standard","meta":{"footnotes":""},"categories":[17],"tags":[],"class_list":["post-3894","post","type-post","status-publish","format-standard","hentry","category-pressemitteilungen"],"_links":{"self":[{"href":"https:\/\/allgeier-se.seowerk.net\/de\/wp-json\/wp\/v2\/posts\/3894","targetHints":{"allow":["GET"]}}],"collection":[{"href":"https:\/\/allgeier-se.seowerk.net\/de\/wp-json\/wp\/v2\/posts"}],"about":[{"href":"https:\/\/allgeier-se.seowerk.net\/de\/wp-json\/wp\/v2\/types\/post"}],"author":[{"embeddable":true,"href":"https:\/\/allgeier-se.seowerk.net\/de\/wp-json\/wp\/v2\/users\/2"}],"replies":[{"embeddable":true,"href":"https:\/\/allgeier-se.seowerk.net\/de\/wp-json\/wp\/v2\/comments?post=3894"}],"version-history":[{"count":0,"href":"https:\/\/allgeier-se.seowerk.net\/de\/wp-json\/wp\/v2\/posts\/3894\/revisions"}],"wp:attachment":[{"href":"https:\/\/allgeier-se.seowerk.net\/de\/wp-json\/wp\/v2\/media?parent=3894"}],"wp:term":[{"taxonomy":"category","embeddable":true,"href":"https:\/\/allgeier-se.seowerk.net\/de\/wp-json\/wp\/v2\/categories?post=3894"},{"taxonomy":"post_tag","embeddable":true,"href":"https:\/\/allgeier-se.seowerk.net\/de\/wp-json\/wp\/v2\/tags?post=3894"}],"curies":[{"name":"wp","href":"https:\/\/api.w.org\/{rel}","templated":true}]}}