{"id":3890,"date":"2008-11-20T12:05:59","date_gmt":"2008-11-20T11:05:59","guid":{"rendered":"https:\/\/allgeier-se.seowerk.net\/unkategorisiert\/mgm-technology-partners-unterstuetzt-schwarz-e-commerce-bei-der-realisierung-des-online-geschaefts-von-lidl-2\/"},"modified":"2008-11-20T12:05:59","modified_gmt":"2008-11-20T11:05:59","slug":"mgm-technology-partners-unterstuetzt-schwarz-e-commerce-bei-der-realisierung-des-online-geschaefts-von-lidl-2","status":"publish","type":"post","link":"https:\/\/allgeier-se.seowerk.net\/de\/pressemitteilungen\/mgm-technology-partners-unterstuetzt-schwarz-e-commerce-bei-der-realisierung-des-online-geschaefts-von-lidl-2\/","title":{"rendered":"mgm technology partners unterst\u00fctzt Schwarz E-Commerce bei der Realisierung des Online-Gesch\u00e4fts von Lidl"},"content":{"rendered":"<p>Allgeier Gruppe demonstriert Leistungsf\u00e4higkeit in Gro\u00dfprojekten<\/p>\n<p>M\u00fcnchen, 21. November 2008. Allgeier vereint in ihrer Gruppe 12 operative<br \/>\nIT Gesellschaften mit mehr als 1.800 Mitarbeitern und 1.400 Kunden an 25<br \/>\nStandorten. Gemeinsam verf\u00fcgen die Gruppenunternehmen \u00fcber ein breites<br \/>\nLeistungsspektrum im IT Service und Solutions Bereich. Im Rahmen von<br \/>\nGro\u00dfprojekten arbeiten die Gruppengesellschaften als Bietergemeinschaften<br \/>\nerfolgreich zusammen. So haben die Allgeier Gruppenunternehmen Goetzfried<br \/>\nAG, BOG IT Solutions GmbH, Allgeier IT Solutions GmbH, Softcon AG und mgm<br \/>\ntechnology partners GmbH erneut einen Gro\u00dfauftrag gewonnen.<\/p>\n<p>Auftraggeber ist die Dataport Anstalt \u00f6ffentlichen Rechts, der zentrale<br \/>\nDienstleister f\u00fcr Informations- und Kommunikationstechnik der \u00d6ffentlichen<br \/>\nVerwaltungen in Schleswig-Holstein, Hamburg, Bremen und der<br \/>\nSteuerverwaltung in Mecklenburg-Vorpommern. F\u00fcr die n\u00e4chsten vier Jahre<br \/>\nwird die Bietergemeinschaft dort Dienstleistungen im IT-Betrieb im Volumen<br \/>\nvon ca. 20 Mio. EUR erbringen.<\/p>\n<p>F\u00fchrender Anbieter f\u00fcr IT- und Personal-Service formiert sich<\/p>\n<p>Allgeier konzentriert sich auf den stark wachsenden Markt f\u00fcr IT-Services<br \/>\nsowie auf angrenzende Dienstleistungsgesch\u00e4fte. Mit dem gewonnen<br \/>\nGro\u00dfauftrag demonstriert Allgeier die gewonnene und stetig wachsende<br \/>\nLeistungsf\u00e4higkeit der Gruppe. In diesem Jahr konnte die Gruppe durch die<br \/>\nAkquisition von zwei weiteren IT Dienstleistungsgesellschaften weiter<br \/>\ngest\u00e4rkt werden. Allgeier m\u00f6chte auch im kommenden Jahr ihr Wachstum<br \/>\nfortsetzen und pr\u00fcft weitere Akquisitionen.<\/p>\n<p>Allgeier Holding AG<br \/>\nDr. Holger von Daniels<\/p>\n<p>Wehrlestra\u00dfe 12<br \/>\nD-81679 M\u00fcnchen<br \/>\nTel.: 089-998421-0<br \/>\nFax: 089-998421-11<br \/>\nwww.allgeier-holding.de<\/p>\n<p>Kurzprofil Allgeier Holding AG:<br \/>\nDie Allgeier Holding AG ist eine Dienstleistungsgruppe, die sich auf den<br \/>\nwachsenden Markt f\u00fcr Dienstleistungen zur Flexibilisierung von Arbeits- und<br \/>\nKostenstrukturen fokussiert. Nach dem Verkauf der Zeitarbeitseinheit<br \/>\nkonzentriert sich Allgeier auf den stark wachsenden Markt f\u00fcr IT-Services<br \/>\nsowie auf angrenzende Dienstleistungsgesch\u00e4fte. Die IT-Service<br \/>\nGesellschaften unterst\u00fctzen Kunden bei der Umsetzung von Innovationen, der<br \/>\nVerbesserung des Informationsflusses, der Optimierung von<br \/>\nGesch\u00e4ftsprozessen und der Bereitstellung von flexiblen IT-Experten. Die<br \/>\nUnternehmen innerhalb von Allgeier arbeiten eigenst\u00e4ndig mit allen<br \/>\nVorteilen mittelst\u00e4ndischer Flexibilit\u00e4t, Schnelligkeit,<br \/>\nServiceorientierung und Innovations\u00ackraft. Unter dem Dach von Allgeier<br \/>\nverbinden sich diese Vorteile mit der Nutzung von Synergien, der Sicherheit<br \/>\nund der Schlagkraft einer f\u00fchrenden b\u00f6rsennotierten Unternehmensgruppe.<br \/>\nDurch ein breites Service-Leistungsspektrum sowie geb\u00fcndelte Kompetenz und<br \/>\nGr\u00f6\u00dfe werden nachhaltig steigende Werte f\u00fcr Kunden und Investoren<br \/>\ngeschaffen. Die Allgeier-Gruppe besch\u00e4ftigt zurzeit rund 1.800<br \/>\nIT-Spezialisten und kann auf eine breite Kundenstruktur quer durch alle<br \/>\ndeutschen Industrien verweisen. Die Allgeier Holding AG ist am regulierten<br \/>\nMarkt der Frankfurter B\u00f6rse im Segment General Standard notiert (WKN<br \/>\n508630\/ISIN DE000508630). Weitere Informationen unter: www.allgeier.com.<\/p>\n<p>21.11.2008\u00a0Finanznachrichten \u00fcbermittelt durch die DGAP]]&gt;<\/p>\n","protected":false},"excerpt":{"rendered":"<p>Allgeier Gruppe demonstriert Leistungsf\u00e4higkeit in Gro\u00dfprojekten M\u00fcnchen, 21. November 2008. Allgeier vereint in ihrer Gruppe 12 operative IT Gesellschaften mit mehr als 1.800 Mitarbeitern und 1.400 Kunden an 25 Standorten. Gemeinsam verf\u00fcgen die Gruppenunternehmen \u00fcber ein breites Leistungsspektrum im IT Service und Solutions Bereich. Im Rahmen von Gro\u00dfprojekten arbeiten die  [&#8230;]<\/p>\n","protected":false},"author":2,"featured_media":0,"comment_status":"closed","ping_status":"closed","sticky":false,"template":"","format":"standard","meta":{"footnotes":""},"categories":[17],"tags":[],"class_list":["post-3890","post","type-post","status-publish","format-standard","hentry","category-pressemitteilungen"],"_links":{"self":[{"href":"https:\/\/allgeier-se.seowerk.net\/de\/wp-json\/wp\/v2\/posts\/3890","targetHints":{"allow":["GET"]}}],"collection":[{"href":"https:\/\/allgeier-se.seowerk.net\/de\/wp-json\/wp\/v2\/posts"}],"about":[{"href":"https:\/\/allgeier-se.seowerk.net\/de\/wp-json\/wp\/v2\/types\/post"}],"author":[{"embeddable":true,"href":"https:\/\/allgeier-se.seowerk.net\/de\/wp-json\/wp\/v2\/users\/2"}],"replies":[{"embeddable":true,"href":"https:\/\/allgeier-se.seowerk.net\/de\/wp-json\/wp\/v2\/comments?post=3890"}],"version-history":[{"count":0,"href":"https:\/\/allgeier-se.seowerk.net\/de\/wp-json\/wp\/v2\/posts\/3890\/revisions"}],"wp:attachment":[{"href":"https:\/\/allgeier-se.seowerk.net\/de\/wp-json\/wp\/v2\/media?parent=3890"}],"wp:term":[{"taxonomy":"category","embeddable":true,"href":"https:\/\/allgeier-se.seowerk.net\/de\/wp-json\/wp\/v2\/categories?post=3890"},{"taxonomy":"post_tag","embeddable":true,"href":"https:\/\/allgeier-se.seowerk.net\/de\/wp-json\/wp\/v2\/tags?post=3890"}],"curies":[{"name":"wp","href":"https:\/\/api.w.org\/{rel}","templated":true}]}}