{"id":377,"date":"2012-08-02T14:11:03","date_gmt":"2012-08-02T12:11:03","guid":{"rendered":"https:\/\/allgeier-se.seowerk.net\/?p=377"},"modified":"2025-02-11T15:16:49","modified_gmt":"2025-02-11T14:16:49","slug":"allgeier-baut-sein-personaldienstleistungsgeschaeft-weiter-aus","status":"publish","type":"post","link":"https:\/\/allgeier-se.seowerk.net\/de\/corporate-news\/allgeier-baut-sein-personaldienstleistungsgeschaeft-weiter-aus\/","title":{"rendered":"Allgeier baut sein Personaldienstleistungsgesch\u00e4ft weiter aus"},"content":{"rendered":"<table class=\"news_layout\" border=\"0\" cellpadding=\"0\" cellspacing=\"0\">\n<tr>\n<td><\/p>\n<p>ALLGEIER SE \/ Schlagwort(e): Firmen\u00fcbernahme<\/p>\n<p>02.08.2012 \/ 14:11<\/p>\n<hr \/>\n<div class=\"break-word\">\n<p> <i>M\u00fcnchen, 02.08.2012<\/i> &#8211; Die M\u00fcnchner Allgeier SE (ISIN DE000508300, WKN 508630), eine der f\u00fchrenden IT Beratungs- und Servicegesellschaften im deutschsprachigen Raum, ist sich mit dem Inhaber und dem Management der tecops personal GmbH einig geworden, TECOPS k\u00fcnftig unter dem Dach der Division Allgeier Experts weiterentwickeln zu wollen. Am heutigen Donnerstag hat sich Allgeier mit dem bisherigen Alleingesellschafter des M\u00fcnchner IT-Personaldienstleisters vertraglich \u00fcber den Erwerb s\u00e4mtlicher Anteile der Gesellschaft geeinigt und entsprechende Vertr\u00e4ge geschlossen. Die Wirksamkeit der Vertr\u00e4ge steht unter einem \u00fcblichen Kartellvorbehalt. Mit der Durchf\u00fchrung der Vertr\u00e4ge wird innerhalb der n\u00e4chsten Wochen gerechnet. Allgeier setzt damit die erfolgreiche Politik fort, sich mit streng selektiven, wertschaffenden Akquisitionen an hervorragenden und wachstumsstarken Unternehmen zu beteiligen. Durch die Einigung mit TECOPS baut Allgeier das umfassende Leistungs- und Serviceportfolio im wichtigen Wachstumsmarkt f\u00fcr IT-Personaldienstleistungen qualitativ und quantitativ weiter aus. Die Gesch\u00e4ftsfelder von Allgeier und TECOPS erg\u00e4nzen sich ideal.<\/p>\n<p> Die tecops personal GmbH verf\u00fcgt \u00fcber mehr als 20 Jahre Erfahrung im Recruiting und in der Vermittlung von Fachkr\u00e4ften. Das Unternehmen besch\u00e4ftigt 1.400 Mitarbeiter an 12 Standorten und kann auf einen Pool von 60.000 IT-Spezialisten und Fachkr\u00e4ften zur\u00fcckgreifen. Schwerpunkt des Leistungsportfolios sind die Personal\u00fcberlassung im IT- und kaufm\u00e4nnischen Bereich, die Vermittlung von IT-Spezialisten sowie Projektdienstleistungen. Die Gesellschaft ist in den vergangenen f\u00fcnf Jahren stark in Umsatz und Ertrag gewachsen. Im Jahr 2011 setzte TECOPS \u00fcber 50 Mio. Euro um. F\u00fcr das Jahr 2012 plant das Unternehmen weiteres nachhaltiges Umsatz- und Ergebniswachstum.<\/p>\n<p> Die Division Allgeier Experts mit den Unternehmen Goetzfried und U.N.P. steht seit vielen Jahren f\u00fcr die zuverl\u00e4ssige und schnelle Bereitstellung von Expertise und flexiblen Personalressourcen. Zu den angebotenen Dienstleistungen z\u00e4hlen Recruiting, Vermittlung und Management von IT-Experten und Ingenieuren, Realisierung von Entwicklungsprojekten, Planung und Implementierung von IT-Infrastrukturl\u00f6sungen sowie Design und Entwicklung von Software.<\/p>\n<p> &#8218;TECOPS und Allgeier sind zwei leistungsstarke Dienstleister, die hervorragend zueinander passen. TECOPS steht wie Allgeier f\u00fcr Schnelligkeit, Flexibilit\u00e4t und gr\u00f6\u00dftm\u00f6gliche Transparenz &#8211; bei absoluter Kundenorientierung, Stabilit\u00e4t und Zuverl\u00e4ssigkeit. Mit dem Zusammenschluss wollen wir unsere Servicequalit\u00e4t weiter steigern&#8216;, sagt Dr. Marcus Goedsche, Vorstand der Allgeier SE. Um die gute Marktposition und die Kompetenz der Mitarbeiter optimal zu nutzen, wird TECOPS als eigenst\u00e4ndige Einheit innerhalb der Allgeier Gruppe fortgef\u00fchrt werden. Allgeier steuert die Gruppenunternehmen nach einem dezentralen F\u00fchrungsprinzip. Die Gesch\u00e4ftsf\u00fchrer und Vorst\u00e4nde der Unternehmen der Allgeier Gruppe agieren als selbstst\u00e4ndige Unternehmer im Rahmen strategisch abgestimmter Planungen. Auf diese Weise verbindet Allgeier die Vorteile einer leistungsstarken internationalen IT-Gesellschaft mit den besonderen Vorz\u00fcgen schlagkr\u00e4ftiger mittelst\u00e4ndischer Einheiten. &#8218;TECOPS verf\u00fcgt \u00fcber ein hochkompetentes Team. Allgeier setzt auf das Management und die Mitarbeiter von TECOPS, die mit ihrem Engagement und ihrer Erfahrung f\u00fcr den Erfolg des Unternehmens verantwortlich sind. Wir sehen TECOPS als wichtige S\u00e4ule in unserer strategischen Ausrichtung auf IT-Personaldienstleistungen und sind davon \u00fcberzeugt, dass Allgeier und TECOPS in Zukunft gemeinsam weiter wachsen werden&#8216;, erg\u00e4nzt Dr. Marcus Goedsche.<\/p>\n<p> Das TECOPS Management will innerhalb der Allgeier Gruppe gezielt Synergien und Gr\u00f6\u00dfeneffekte nutzen. &#8218;Mit der Zugeh\u00f6rigkeit zu einer leistungsstarken Gruppe bieten sich TECOPS optimale Voraussetzungen f\u00fcr die Entwicklung unserer Mitarbeiter und die Fortsetzung unseres Wachstumskurses&#8216;, erkl\u00e4ren Ludwig Hank und Dr. Volker Buttermann, Gesch\u00e4ftsf\u00fchrer der tecops personal GmbH. &#8218;Die Allgeier Kultur ist gepr\u00e4gt von einer konsequenten Ausrichtung auf fachliche Expertise und Spezialistentum, verbunden mit einer gro\u00dfen unternehmerischen Selbst\u00e4ndigkeit und Orientierung an den Mitarbeitern. Zus\u00e4tzlich zur beeindruckenden Wachstumsgeschichte besitzt Allgeier eine hohe Ertrags- und Finanzst\u00e4rke, welches Stabilit\u00e4t und Kontinuit\u00e4t f\u00fcr Mitarbeiter und Kunden bedeutet&#8216;, so die Gesch\u00e4ftsf\u00fchrer weiter.<\/p>\n<p> Der Kaufpreis f\u00fcr die tecops personal GmbH liegt im zweistelligen Mio. Euro-Bereich. Gesch\u00e4ftsf\u00fchrung und Management von TECOPS werden entsprechend des dezentralen Allgeier F\u00fchrungsprinzips weiterhin die unternehmerische Verantwortung im Rahmen der strategisch abgestimmten Planung tragen. Der bisherige Alleingesellschafter der tecops personal GmbH, Reiner Pientka, beabsichtigt, sich im Zuge des Verkaufs mit einem signifikanten Aktienpaket an der Allgeier SE zu beteiligen: &#8218;Ich freue mich, mit Allgeier einen K\u00e4ufer gefunden zu haben, der das zuk\u00fcnftige, notwendige Wachstum unterst\u00fctzt und zu dessen Ausrichtung das Gesch\u00e4ft von TECOPS sehr gut passt. Da ich von der guten gemeinsamen Entwicklung beider Unternehmen \u00fcberzeugt bin, war es mir pers\u00f6nlich sehr wichtig, den zuk\u00fcnftigen Weg als Aktion\u00e4r zu begleiten.&#8216; Reiner Pientka wird TECOPS und Allgeier zudem auch aktiv in beratender Funktion begleiten.<\/p>\n<p> Kontakt:<\/p>\n<p> Allgeier SE<br \/> Dr. Christopher Gro\u00dfe<br \/> Wehrlestra\u00dfe 12<br \/> 81679 M\u00fcnchen<br \/> Tel.: +49 (0)89\/998421-0<br \/> Fax: +49 (0)89\/998421-11<br \/> E-Mail: pr@allgeier.com<br \/> Web: www.allgeier.com<\/p>\n<p> Die Allgeier SE mit Sitz in M\u00fcnchen ist eine der f\u00fchrenden Beratungs- und Servicegesellschaften im deutschsprachigen Raum. Mit \u00fcber 2.600 angestellten Mitarbeitern und rund 1.500 freiberuflichen IT-Experten bietet Allgeier ihren Kunden einen Komplettservice-Ansatz von der Konzeption \u00fcber die Umsetzung bis hin zum Betrieb von IT-Landschaften. 15 operative Unternehmenseinheiten, jede mit einem fachlichen oder branchenbezogenen Schwerpunkt, arbeiten gemeinsam f\u00fcr \u00fcber 2.000 Kunden aus nahezu allen Branchen. Allgeier verbindet die Expertise und Kundenn\u00e4he mittelst\u00e4ndischer Einheiten mit der Leistungsst\u00e4rke und Flexibilit\u00e4t einer internationalen, b\u00f6rsennotierten Gruppe. Die stark wachsende Gruppe verf\u00fcgt aktuell \u00fcber mehr als 80 Niederlassungen im deutschsprachigen Raum, im \u00fcbrigen Europa sowie in Indien, Mexiko und den USA. 2011 erzielte Allgeier einen Umsatz von 379 Mio. Euro. Die Gesellschaft ist am regulierten Markt der Frankfurter Wertpapierb\u00f6rse im General Standard gelistet (WKN 508630\/ISIN DE0005086300). Weitere Informationen unter: www.allgeier.com.<\/p>\n<\/div>\n<p>\tEnde der Corporate News<\/p>\n<hr \/>\n<p>02.08.2012 Ver\u00f6ffentlichung einer Corporate News\/Finanznachricht, \u00fcbermittelt durch die DGAP &#8211; ein Unternehmen der EquityStory AG. <br \/>F\u00fcr den Inhalt der Mitteilung ist der Emittent \/ Herausgeber verantwortlich.<\/p>\n<p>Die DGAP Distributionsservices umfassen gesetzliche Meldepflichten, Corporate News\/Finanznachrichten und Pressemitteilungen. <br \/>Medienarchiv unter http:\/\/www.dgap-medientreff.de und http:\/\/www.dgap.de<\/p>\n<hr \/>\n<p><\/td>\n<\/tr>\n<\/table>\n<table class=\"news_footer_layout\" cellspacing=\"0\" cellpadding=\"0\"> <!--width=600--><\/p>\n<tr>\n<td class=\"first_column\">Sprache:<\/td>\n<td>Deutsch<\/td>\n<\/tr>\n<tr>\n<td valign=\"top\">Unternehmen:<\/td>\n<td>ALLGEIER SE\t\t<\/td>\n<\/tr>\n<tr>\n<td valign=\"top\"><\/td>\n<td>Wehrlestra\u00dfe 12\t<\/td>\n<\/tr>\n<tr>\n<td valign=\"top\"><\/td>\n<td>81679 M\u00fcnchen\t<\/td>\n<\/tr>\n<tr>\n<td valign=\"top\"><\/td>\n<td>Deutschland\t<\/td>\n<\/tr>\n<tr>\n<td valign=\"top\">Telefon:<\/td>\n<td>+49 (0) 89 &#8211; 99 84 21 0\t<\/td>\n<\/tr>\n<tr>\n<td valign=\"top\">Fax:<\/td>\n<td>+49 (0) 89 &#8211; 99 84 21 11\t<\/td>\n<\/tr>\n<tr>\n<td valign=\"top\">E-Mail:<\/td>\n<td>info@allgeier.com\t<\/td>\n<\/tr>\n<tr>\n<td valign=\"top\">Internet:<\/td>\n<td>http:\/\/www.allgeier.com\t<\/td>\n<\/tr>\n<tr>\n<td valign=\"top\">ISIN:<\/td>\n<td>DE0005086300\t<\/td>\n<\/tr>\n<tr>\n<td valign=\"top\">WKN:<\/td>\n<td>508630\t<\/td>\n<\/tr>\n<tr>\n<td valign=\"top\">Indizes:<\/td>\n<td>CDAX\t<\/td>\n<\/tr>\n<tr>\n<td valign=\"top\">B\u00f6rsen:<\/td>\n<td>Regulierter Markt in Frankfurt (General Standard); Freiverkehr in Berlin, D\u00fcsseldorf, Hamburg, Stuttgart\t<\/td>\n<\/tr>\n<tr>\n<td><\/td>\n<td valign=\"top\" colspan=\"2\"><\/td>\n<\/tr>\n<\/table>\n<table class=\"news_layout news_layout_footer_end\" border=\"0\" cellpadding=\"0\" cellspacing=\"0\" width=\"100%\"> &lt;!&#8211;&gt;<\/p>\n<tr>\n<td colspan=\"2\">\t\t\t\t<\/td>\n<\/tr>\n<tr>\n<td class='column_1'>Ende der Mitteilung<\/td>\n<td class='column_2'>DGAP News-Service<\/td>\n<\/tr>\n<\/table>\n<table class='news_layout' border=\"0\" cellpadding=\"0\" cellspacing=\"0\" width=\"100%\">\n<tr>\n<td>\n<hr>\n<\/td>\n<\/tr>\n<tr>\n<td align='left'>180179\u00a0\u00a002.08.2012<\/td>\n<\/tr>\n<\/table>\n<p>&#8211;&gt;<\/table>\n","protected":false},"excerpt":{"rendered":"<p>ALLGEIER SE \/ Schlagwort(e): Firmen\u00fcbernahme 02.08.2012 \/ 14:11 M\u00fcnchen, 02.08.2012 &#8211; Die M\u00fcnchner Allgeier SE (ISIN DE000508300, WKN 508630), eine der f\u00fchrenden IT Beratungs- und Servicegesellschaften im deutschsprachigen Raum, ist sich mit dem Inhaber und dem Management der tecops<\/p>\n","protected":false},"author":2,"featured_media":0,"comment_status":"close","ping_status":"","sticky":false,"template":"","format":"standard","meta":{"footnotes":""},"categories":[21],"tags":[39],"class_list":["post-377","post","type-post","status-publish","format-standard","hentry","category-corporate-news","tag-unternehmensnachrichten"],"_links":{"self":[{"href":"https:\/\/allgeier-se.seowerk.net\/de\/wp-json\/wp\/v2\/posts\/377","targetHints":{"allow":["GET"]}}],"collection":[{"href":"https:\/\/allgeier-se.seowerk.net\/de\/wp-json\/wp\/v2\/posts"}],"about":[{"href":"https:\/\/allgeier-se.seowerk.net\/de\/wp-json\/wp\/v2\/types\/post"}],"author":[{"embeddable":true,"href":"https:\/\/allgeier-se.seowerk.net\/de\/wp-json\/wp\/v2\/users\/2"}],"replies":[{"embeddable":true,"href":"https:\/\/allgeier-se.seowerk.net\/de\/wp-json\/wp\/v2\/comments?post=377"}],"version-history":[{"count":1,"href":"https:\/\/allgeier-se.seowerk.net\/de\/wp-json\/wp\/v2\/posts\/377\/revisions"}],"predecessor-version":[{"id":378,"href":"https:\/\/allgeier-se.seowerk.net\/de\/wp-json\/wp\/v2\/posts\/377\/revisions\/378"}],"wp:attachment":[{"href":"https:\/\/allgeier-se.seowerk.net\/de\/wp-json\/wp\/v2\/media?parent=377"}],"wp:term":[{"taxonomy":"category","embeddable":true,"href":"https:\/\/allgeier-se.seowerk.net\/de\/wp-json\/wp\/v2\/categories?post=377"},{"taxonomy":"post_tag","embeddable":true,"href":"https:\/\/allgeier-se.seowerk.net\/de\/wp-json\/wp\/v2\/tags?post=377"}],"curies":[{"name":"wp","href":"https:\/\/api.w.org\/{rel}","templated":true}]}}