{"id":371,"date":"2012-12-11T14:14:43","date_gmt":"2012-12-11T13:14:43","guid":{"rendered":"https:\/\/allgeier-se.seowerk.net\/?p=371"},"modified":"2025-02-11T15:16:48","modified_gmt":"2025-02-11T14:16:48","slug":"verstaerkung-des-top-fuehrungsteams-der-allgeier-gruppe-christian-rosner-und-marco-guender-werden-vorstandsmitglieder-der-allgeier-group-executives-ag","status":"publish","type":"post","link":"https:\/\/allgeier-se.seowerk.net\/de\/corporate-news\/verstaerkung-des-top-fuehrungsteams-der-allgeier-gruppe-christian-rosner-und-marco-guender-werden-vorstandsmitglieder-der-allgeier-group-executives-ag\/","title":{"rendered":"Verst\u00e4rkung des Top-F\u00fchrungsteams der Allgeier Gruppe &#8211; Christian Rosner und Marco G\u00fcnder werden Vorstandsmitglieder der Allgeier Group Executives AG"},"content":{"rendered":"<table class=\"news_layout\" border=\"0\" cellpadding=\"0\" cellspacing=\"0\">\n<tr>\n<td><\/p>\n<p>ALLGEIER SE \/ Schlagwort(e): Personalie<\/p>\n<p>11.12.2012 \/ 14:14<\/p>\n<hr \/>\n<div class=\"break-word\">\n<p> <i>M\u00fcnchen, 11.12.2012 &#8211;<\/i> Der Vorstand der M\u00fcnchner Allgeier SE hat Christian Rosner (55) sowie Marco G\u00fcnder (45) ab 1. November 2012 in das Top-Management der Allgeier Gruppe geholt. Beide wurden zu Mitgliedern des Vorstands der Allgeier Group Executives AG, der gruppeninternen Consulting- und Management-Gesellschaft, bestellt.<\/p>\n<p> Christian Rosner wirkt bereits seit 2011 als Berater mit den Schwerpunkten Business Development, M&amp;A und Strategie in der Allgeier Gruppe. Unter anderem war er mit dem Aufbau der Offshoring-Tochter Nagarro in der D-A-CH Region befasst. Mit seiner starken Sales-, Marketing- und Managementkompetenz wird Christian Rosner k\u00fcnftig mehrere Unternehmen der rasch wachsenden Gruppe in strategischen Entscheidungen unterst\u00fctzen und seine umfassende Fach- und Branchenexpertise zur weiteren St\u00e4rkung und Ausbau vor allem des IT-Services und Solutions sowie Projektgesch\u00e4fts einbringen. Rosner wird seine Marktkenntnis zudem zur Unterst\u00fctzung der internationalen Expansion im \u00f6sterreichischen und zentralosteurop\u00e4ischen Markt einsetzen.<\/p>\n<p> Marco G\u00fcnder wechselt aus dem Vorstand der Goetzfried AG, einer 100prozentigen Allgeier Tochter, zur Allgeier Group Executives AG. In Zukunft wird Marco G\u00fcnder seine umfassende Expertise in Organisationsprozessen und Strategie in der gesamten Allgeier Gruppe einsetzen, um die Integration der Gruppengesellschaften voranzutreiben und zus\u00e4tzliche Synergiepotentiale zu heben. Marco G\u00fcnder wird dabei unter anderem den weiteren Ausbau und die Integration der Allgeier Division Experts unterst\u00fctzen.<\/p>\n<p> Zu den Personen:<\/p>\n<p> Christian Rosner begann seine Karriere 1977 bei Philips Data als Software Entwickler und bekleidete im Anschluss leitende Positionen bei Unternehmen wie Nixdorf Computer, Digital Equipment und Hewlett Packard in Vertrieb, Marketing und Unternehmensentwicklung f\u00fcr \u00d6sterreich und Osteuropa. 2004 wurde Rosner Chief Operating Officer der \u00f6sterreichischen S&amp;T Unternehmensgruppe, einem international t\u00e4tigen Anbieter von IT-Beratung, -L\u00f6sungen und Services. Von 2005 bis Juni 2010 hatte Rosner den Vorstandsvorsitz der Gruppe inne. Dabei trieb Rosner insbesondere die strategische Expansion der internationalen Gruppe in den osteurop\u00e4ischen Wachstumsm\u00e4rkten und den Wandel vom Reseller zum Dienstleister und Berater voran.<\/p>\n<p> Marco G\u00fcnder schloss 1992 das Studium der Mathematik an der Fachhochschule Darmstadt als Diplom-Mathematiker ab. Berufsbegleitend erwarb er einen Masterabschluss im Studiengang \u00d6konomie und Management an der TU Kaiserslautern. Seine berufliche Laufbahn begann er als Projekt- und Abteilungsleiter in einem Systemhaus und in einer Gro\u00dfbank. Im Anschluss leitete er die Softwareentwicklung eines Softwareanbieters. 2003 trat er in die Goetzfried AG ein und wurde 2006 in den Vorstand der Gesellschaft berufen, wo er u.a. die Ressorts Prozessorganisation, Qualit\u00e4t, Compliance, Controlling und Finanzen verantwortete.<\/p>\n<p> Kontakt:<\/p>\n<p> Allgeier SE<br \/> Dr. Christopher Gro\u00dfe<br \/> Wehrlestra\u00dfe 12<br \/> 81679 M\u00fcnchen<br \/> Tel.: +49 (0)89\/998421-0<br \/> Fax: +49 (0)89\/998421-11<br \/> E-Mail: pr@allgeier.com<br \/> Web: www.allgeier.com<\/p>\n<p> Die Allgeier SE mit Sitz in M\u00fcnchen ist eine der f\u00fchrenden IT-Gesellschaften im deutschsprachigen Raum. Mit rund 4.100 angestellten Mitarbeitern und mehr als 1.500 freiberuflichen IT-Experten bietet Allgeier den Kunden einen Komplettservice-Ansatz und ein umfassendes L\u00f6sungs- und Leistungsportfolio. Sechs Divisionen mit individuellen fachlichen oder branchenbezogenen Schwerpunkten arbeiten gemeinsam f\u00fcr \u00fcber 2.000 Kunden aus nahezu allen Branchen. Allgeier verbindet die Vorteile einer internationalen IT-Gesellschaft, wie Produktbreite, Leistungs- und Prozessst\u00e4rke, mit der Flexibilit\u00e4t, Expertise und Kundenn\u00e4he eines schlagkr\u00e4ftigen mittelst\u00e4ndischen Anbieters. Die stark wachsende Gruppe verf\u00fcgt aktuell \u00fcber mehr als 90 Niederlassungen im deutschsprachigen Raum, im \u00fcbrigen Europa sowie in Indien, Mexiko und den USA. 2011 erzielte Allgeier einen Umsatz von 379 Mio. Euro. Die Gesellschaft ist am regulierten Markt der Frankfurter Wertpapierb\u00f6rse im General Standard gelistet (WKN 508630\/ISIN DE0005086300). Weitere Informationen unter: www.allgeier.com.<\/p>\n<\/div>\n<p>\tEnde der Corporate News<\/p>\n<hr \/>\n<p>11.12.2012 Ver\u00f6ffentlichung einer Corporate News\/Finanznachricht, \u00fcbermittelt durch die DGAP &#8211; ein Unternehmen der EquityStory AG. <br \/>F\u00fcr den Inhalt der Mitteilung ist der Emittent \/ Herausgeber verantwortlich.<\/p>\n<p>Die DGAP Distributionsservices umfassen gesetzliche Meldepflichten, Corporate News\/Finanznachrichten und Pressemitteilungen. <br \/>Medienarchiv unter http:\/\/www.dgap-medientreff.de und http:\/\/www.dgap.de<\/p>\n<hr \/>\n<p><\/td>\n<\/tr>\n<\/table>\n<table class=\"news_footer_layout\" cellspacing=\"0\" cellpadding=\"0\"> <!--width=600--><\/p>\n<tr>\n<td class=\"first_column\">Sprache:<\/td>\n<td>Deutsch<\/td>\n<\/tr>\n<tr>\n<td valign=\"top\">Unternehmen:<\/td>\n<td>ALLGEIER SE\t\t<\/td>\n<\/tr>\n<tr>\n<td valign=\"top\"><\/td>\n<td>Wehrlestra\u00dfe 12\t<\/td>\n<\/tr>\n<tr>\n<td valign=\"top\"><\/td>\n<td>81679 M\u00fcnchen\t<\/td>\n<\/tr>\n<tr>\n<td valign=\"top\"><\/td>\n<td>Deutschland\t<\/td>\n<\/tr>\n<tr>\n<td valign=\"top\">Telefon:<\/td>\n<td>+49 (0) 89 &#8211; 99 84 21 0\t<\/td>\n<\/tr>\n<tr>\n<td valign=\"top\">Fax:<\/td>\n<td>+49 (0) 89 &#8211; 99 84 21 11\t<\/td>\n<\/tr>\n<tr>\n<td valign=\"top\">E-Mail:<\/td>\n<td>info@allgeier.com\t<\/td>\n<\/tr>\n<tr>\n<td valign=\"top\">Internet:<\/td>\n<td>http:\/\/www.allgeier.com\t<\/td>\n<\/tr>\n<tr>\n<td valign=\"top\">ISIN:<\/td>\n<td>DE0005086300\t<\/td>\n<\/tr>\n<tr>\n<td valign=\"top\">WKN:<\/td>\n<td>508630\t<\/td>\n<\/tr>\n<tr>\n<td valign=\"top\">Indizes:<\/td>\n<td>CDAX\t<\/td>\n<\/tr>\n<tr>\n<td valign=\"top\">B\u00f6rsen:<\/td>\n<td>Regulierter Markt in Frankfurt (General Standard); Freiverkehr in Berlin, D\u00fcsseldorf, Hamburg, Stuttgart\t<\/td>\n<\/tr>\n<tr>\n<td><\/td>\n<td valign=\"top\" colspan=\"2\"><\/td>\n<\/tr>\n<\/table>\n<table class=\"news_layout news_layout_footer_end\" border=\"0\" cellpadding=\"0\" cellspacing=\"0\" width=\"100%\"> &lt;!&#8211;&gt;<\/p>\n<tr>\n<td colspan=\"2\">\t\t\t\t<\/td>\n<\/tr>\n<tr>\n<td class='column_1'>Ende der Mitteilung<\/td>\n<td class='column_2'>DGAP News-Service<\/td>\n<\/tr>\n<\/table>\n<table class='news_layout' border=\"0\" cellpadding=\"0\" cellspacing=\"0\" width=\"100%\">\n<tr>\n<td>\n<hr>\n<\/td>\n<\/tr>\n<tr>\n<td align='left'>196668\u00a0\u00a011.12.2012<\/td>\n<\/tr>\n<\/table>\n<p>&#8211;&gt;<\/table>\n","protected":false},"excerpt":{"rendered":"<p>ALLGEIER SE \/ Schlagwort(e): Personalie 11.12.2012 \/ 14:14 M\u00fcnchen, 11.12.2012 &#8211; Der Vorstand der M\u00fcnchner Allgeier SE hat Christian Rosner (55) sowie Marco G\u00fcnder (45) ab 1. November 2012 in das Top-Management der Allgeier Gruppe geholt. Beide wurden zu Mitgliedern des Vorstands der<\/p>\n","protected":false},"author":2,"featured_media":0,"comment_status":"close","ping_status":"","sticky":false,"template":"","format":"standard","meta":{"footnotes":""},"categories":[21],"tags":[39],"class_list":["post-371","post","type-post","status-publish","format-standard","hentry","category-corporate-news","tag-unternehmensnachrichten"],"_links":{"self":[{"href":"https:\/\/allgeier-se.seowerk.net\/de\/wp-json\/wp\/v2\/posts\/371","targetHints":{"allow":["GET"]}}],"collection":[{"href":"https:\/\/allgeier-se.seowerk.net\/de\/wp-json\/wp\/v2\/posts"}],"about":[{"href":"https:\/\/allgeier-se.seowerk.net\/de\/wp-json\/wp\/v2\/types\/post"}],"author":[{"embeddable":true,"href":"https:\/\/allgeier-se.seowerk.net\/de\/wp-json\/wp\/v2\/users\/2"}],"replies":[{"embeddable":true,"href":"https:\/\/allgeier-se.seowerk.net\/de\/wp-json\/wp\/v2\/comments?post=371"}],"version-history":[{"count":1,"href":"https:\/\/allgeier-se.seowerk.net\/de\/wp-json\/wp\/v2\/posts\/371\/revisions"}],"predecessor-version":[{"id":372,"href":"https:\/\/allgeier-se.seowerk.net\/de\/wp-json\/wp\/v2\/posts\/371\/revisions\/372"}],"wp:attachment":[{"href":"https:\/\/allgeier-se.seowerk.net\/de\/wp-json\/wp\/v2\/media?parent=371"}],"wp:term":[{"taxonomy":"category","embeddable":true,"href":"https:\/\/allgeier-se.seowerk.net\/de\/wp-json\/wp\/v2\/categories?post=371"},{"taxonomy":"post_tag","embeddable":true,"href":"https:\/\/allgeier-se.seowerk.net\/de\/wp-json\/wp\/v2\/tags?post=371"}],"curies":[{"name":"wp","href":"https:\/\/api.w.org\/{rel}","templated":true}]}}