{"id":321,"date":"2013-01-16T11:59:23","date_gmt":"2013-01-16T10:59:23","guid":{"rendered":"https:\/\/allgeier-se.seowerk.net\/?p=321"},"modified":"2025-02-11T15:16:48","modified_gmt":"2025-02-11T14:16:48","slug":"wechsel-in-der-topjects-fuehrung-andreas-seinsche-stefan-steber-und-rom-de-vries-fuehren-die-geschaefte-des-muenchner-it-spezialisten-und-personaldienstleisters","status":"publish","type":"post","link":"https:\/\/allgeier-se.seowerk.net\/de\/pressemitteilungen\/wechsel-in-der-topjects-fuehrung-andreas-seinsche-stefan-steber-und-rom-de-vries-fuehren-die-geschaefte-des-muenchner-it-spezialisten-und-personaldienstleisters\/","title":{"rendered":"Wechsel in der TOPjects-F\u00fchrung &#8211; Andreas Seinsche, Stefan Steber und Rom De Vries f\u00fchren die Gesch\u00e4fte des M\u00fcnchner IT-Spezialisten und Personaldienstleisters"},"content":{"rendered":"<table class=\"news_layout\" border=\"0\" cellpadding=\"0\" cellspacing=\"0\">\n<tr>\n<td><\/p>\n<p>(DGAP-Media \/ 16.01.2013 \/ 11:59)<\/p>\n<div class=\"break-word\">\n<p> <i>M\u00fcnchen, 16.01.2013 &#8211;<\/i> In der F\u00fchrung der M\u00fcnchner TOPjects GmbH, einem Unternehmen der Allgeier Gruppe, hat es einen Wechsel gegeben. Im Zuge des Rechtsformwechsels in eine GmbH wurden Andreas Seinsche, Stefan Steber sowie Rom De Vries in die Gesch\u00e4ftsf\u00fchrung der Gesellschaft bestellt.<\/p>\n<p> Der bisherige Vorstand Rainer Keser ist auf eigenen Wunsch einvernehmlich aus dem Unternehmen ausgeschieden, um sich neuen unternehmerischen Herausforderungen zu widmen. Rainer Keser hat w\u00e4hrend seiner langj\u00e4hrigen T\u00e4tigkeit als Vorstand und Gesellschafter wesentlich zur erfolgreichen Entwicklung des 1995 gegr\u00fcndeten Unternehmens zu einem renommierten IT-Dienstleister beigetragen. Inzwischen besch\u00e4ftigt TOPjects mehr als 200 interne und externe Mitarbeiter und verf\u00fcgt \u00fcber B\u00fcros in M\u00fcnchen, Frankfurt, Hamburg und Berlin. Der Aufsichtsrat der Gesellschaft und der Vorstand der Allgeier SE danken Herrn Keser herzlich f\u00fcr seine gro\u00dfen Verdienste im Laufe der vergangenen Jahren und w\u00fcnschen ihm f\u00fcr seine weitere Zukunft viel Erfolg und Freude.<\/p>\n<p> Mit der neuen F\u00fchrungsmannschaft wird gleichzeitig eine neue Richtung zur weiteren Integration in der Allgeier Experts Division eingeleitet. Mit den Unternehmen Goetzfried, TECOPS, U.N.P., Oxygen Consultancy und TOPjects steht die Division Allgeier Experts seit vielen Jahren f\u00fcr die zuverl\u00e4ssige und schnelle Bereitstellung von Expertise und flexiblen Personalressourcen. Zu den angebotenen Dienstleistungen z\u00e4hlen Recruiting, Vermittlung, \u00dcberlassung und Management von IT-Spezialisten, kaufm\u00e4nnischen Experten und Ingenieuren, Realisierung von Entwicklungsprojekten, Planung und Implementierung von IT-Infrastrukturl\u00f6sungen sowie Design und Entwicklung von Software. Die Dienstleistungen orientieren sich dabei an den aktuellen Marktentwicklungen sowie den Anforderungen der Kunden. Auf diese Weise haben die Gesellschaften der Experts Division f\u00fcr ihre Kunden eine Vielzahl anspruchsvoller IT-Dienstleistungen und Projekte erfolgreich realisiert bis hin zu Gro\u00dfprojekten wie Dataport, dem zentralen Dienstleister f\u00fcr Informations- und Kommunikationstechnik der L\u00e4nder Schleswig-Holstein, Hamburg, Bremen und Mecklenburg-Vorpommern. Mit ihrer starken Verankerung in Bayern und ihrer Branchenexpertise im Banken- und Finanzdienstleistunssektor nimmt TOPjects in der neuen Division eine wichtige Rolle ein.<\/p>\n<p> Die Vielzahl langfristiger vertrauensvoller Partnerschaften zu Unternehmen aus unterschiedlichen Branchen belegt die gro\u00dfe Kunden- und Serviceorientierung der TOPjects. In der Division Experts kann TOPjects ihre St\u00e4rken in der individuellen Beratung und der Entwicklung ma\u00dfgeschneiderter exzellenter L\u00f6sungen weiter ausbauen. Zus\u00e4tzlich werden gezielt Synergien und Gr\u00f6\u00dfenvorteile innerhalb der Division genutzt, um die Leistungsgeschwindigkeit zu erh\u00f6hen und die Skalierbarkeit der Serviceleistungen zu steigern. Gro\u00dfkunden ebenso wie mittelst\u00e4ndische Betriebe werden k\u00fcnftig auf ein deutlich erweitertes Leistungsportfolio zur\u00fcckgreifen k\u00f6nnen.<\/p>\n<p> TOPjects, European IT Workplace of the year 2012, investiert seit jeher in die F\u00f6rderung und Entwicklung seiner Mitarbeiter. In der Division Experts er\u00f6ffnen sich den Mitarbeitern vielseitige Karriere- und Entwicklungschancen. Die stark wachsende Division bietet ein langfristig stabiles Arbeitsumfeld und er\u00f6ffnet neue M\u00f6glichkeiten zur individuellen Weiterentwicklung in vielf\u00e4ltigen Arbeitsumgebungen.<\/p>\n<p> Zu den Personen:<\/p>\n<p> Andreas Seinsche<\/p>\n<p> Andreas Seinsche (60) war nach seiner Ausbildung zum Kaufmann und Informatiker zun\u00e4chst in der Softwareentwicklung und Business-Analyse bei namhaften Unternehmen der Fertigungsindustrie t\u00e4tig. 1992 wechselte er in die IT-Dienstleistungsbranche und richtete sich zeitgleich auf den Finanzsektor aus, in dem er bis heute schwerpunktm\u00e4\u00dfig Gro\u00dfbanken bei der Realisierung von IT-Projekten unterst\u00fctzt. Von 1995 bis 2006 war er bei einem M\u00fcnchener IT-Dienstleister als Niederlassungsleiter und Gesch\u00e4ftsf\u00fchrer t\u00e4tig. Seit 2007 geh\u00f6rt er als Bereichsleiter zur TOPjects-F\u00fchrung und ist seit Herbst 2012 Mitglied der Gesch\u00e4ftsleitung. Dank seiner T\u00e4tigkeit konnte TOPjects den Gesch\u00e4ftsanteil bei Banken und Versicherungen ma\u00dfgeblich ausbauen. Andreas Seinsche ist verheiratet, hat zwei erwachsener Kinder und lebt mit seiner Frau im S\u00fcdosten von M\u00fcnchen.<\/p>\n<p> Stefan Steber<\/p>\n<p> Stefan Steber (50) hat w\u00e4hrend seiner mehr als 20j\u00e4hrigen T\u00e4tigkeit im Bankensektor breite Kenntnisse in der Finanzbranche erworben. Im Jahr 2002 erfolgte sein beruflicher Wechsel in den IT-Dienstleistungsbereich. Seitdem unterst\u00fctzt Herr Steber schwerpunktm\u00e4\u00dfig Kunden in der Finanzbranche bei der erfolgreichen Konzeption und Umsetzung von IT-Projekten. Bei seinem Vorg\u00e4ngerunternehmen zeichnete Herr Steber in der Position des Gesch\u00e4ftsf\u00fchrers f\u00fcr den Bereich Banken und Versicherungen verantwortlich. 2007 schloss sich Stefan Steber der TOPjects an, bei der er bis heute als Bereichsleiter t\u00e4tig ist. Herr Steber, geb\u00fcrtiger M\u00fcnchner, ist verheiratet und wohnt im Westen von M\u00fcnchen.<\/p>\n<p> Rom De Vries<\/p>\n<p> Rom De Vries (48) kam \u00fcber die Akquisition der Skytec AG zur Allgeier Gruppe. Rom de Vries geh\u00f6rte dem Vorstand der Skytec an und verantwortete zudem das Business Development. Der geb\u00fcrtige Niederl\u00e4nder Rom De Vries ist Jurist und arbeitet seit 14 Jahren in M\u00fcnchen, unter anderem als HR Direktor bei Microsoft Deutschland. Zuvor bekleidete Rom De Vries verschiedene Senior Management Positionen bei internationalen Gesellschaften, wo er eine umfassende Expertise in M&amp;A sowie Unternehmensintegrationen aufbaute. Rom De Vries lebt mit seiner Frau und zwei Kindern im l\u00e4ndlichen S\u00fcdosten von M\u00fcnchen.<\/p>\n<p> Kontakt:<\/p>\n<p> Allgeier SE<br \/> Corporate Communications<br \/> Dr. Christopher Gro\u00dfe<br \/> Wehrlestra\u00dfe 12<br \/> 81679 M\u00fcnchen<br \/> Tel.: +49 (0)89\/998421-0<br \/> Fax: +49 (0)89\/998421-11<br \/> E-Mail: pr@allgeier.com<br \/> Web: www.allgeier.com<\/p>\n<p> Die Allgeier SE mit Sitz in M\u00fcnchen ist eine der f\u00fchrenden IT-Gesellschaften im deutschsprachigen Raum. Mit rund 4.100 angestellten Mitarbeitern und mehr als 1.500 freiberuflichen IT-Experten bietet Allgeier den Kunden einen Komplettservice-Ansatz und ein umfassendes L\u00f6sungs- und Leistungsportfolio. 6 Divisionen mit individuellen fachlichen oder branchenbezogenen Schwerpunkten arbeiten gemeinsam f\u00fcr \u00fcber 2.000 Kunden aus nahezu allen Branchen. Allgeier verbindet die Vorteile einer internationalen IT-Gesellschaft, wie Produktbreite, Leistungs- und Prozessst\u00e4rke, mit der Flexibilit\u00e4t, Expertise und Kundenn\u00e4he eines schlagkr\u00e4ftigen mittelst\u00e4ndischen Anbieters. Die stark wachsende Gruppe verf\u00fcgt aktuell \u00fcber mehr als 90 Niederlassungen im deutschsprachigen Raum, im \u00fcbrigen Europa sowie in Indien, Mexiko und den USA. 2011 erzielte Allgeier einen Umsatz von 379 Mio. Euro. Die Gesellschaft ist am Regulierten Markt der Frankfurter Wertpapierb\u00f6rse im General Standard gelistet (WKN 508630\/ISIN DE0005086300). Weitere Informationen unter: <a href=\"http:\/\/www.allgeier.com\">www.allgeier.com<\/a>.<\/p>\n<\/div>\n<p>\tEnde der Pressemitteilung<\/p>\n<hr \/>\n<p>Emittent\/Herausgeber: ALLGEIER SE<br \/>Schlagwort(e): Unternehmen<\/p>\n<p>16.01.2013 Ver\u00f6ffentlichung einer Pressemitteilung, \u00fcbermittelt durch die DGAP &#8211; ein Unternehmen der EquityStory AG. <br \/>F\u00fcr den Inhalt der Mitteilung ist der Emittent \/ Herausgeber verantwortlich.<\/p>\n<p>Die DGAP Distributionsservices umfassen gesetzliche Meldepflichten, Corporate News\/Finanznachrichten und Pressemitteilungen. <br \/>Medienarchiv unter http:\/\/www.dgap-medientreff.de und http:\/\/www.dgap.de<\/p>\n<hr \/>\n<p><\/td>\n<\/tr>\n<\/table>\n<table class=\"news_footer_layout\" cellspacing=\"0\" cellpadding=\"0\"> <!--width=600--><\/p>\n<tr>\n<td class=\"first_column\">Sprache:<\/td>\n<td>Deutsch<\/td>\n<\/tr>\n<tr>\n<td valign=\"top\">Unternehmen:<\/td>\n<td>ALLGEIER SE\t\t<\/td>\n<\/tr>\n<tr>\n<td valign=\"top\"><\/td>\n<td>Wehrlestra\u00dfe 12\t<\/td>\n<\/tr>\n<tr>\n<td valign=\"top\"><\/td>\n<td>81679 M\u00fcnchen\t<\/td>\n<\/tr>\n<tr>\n<td valign=\"top\"><\/td>\n<td>Deutschland\t<\/td>\n<\/tr>\n<tr>\n<td valign=\"top\">Telefon:<\/td>\n<td>+49 (0) 89 &#8211; 99 84 21 0\t<\/td>\n<\/tr>\n<tr>\n<td valign=\"top\">Fax:<\/td>\n<td>+49 (0) 89 &#8211; 99 84 21 11\t<\/td>\n<\/tr>\n<tr>\n<td valign=\"top\">E-Mail:<\/td>\n<td>info@allgeier.com\t<\/td>\n<\/tr>\n<tr>\n<td valign=\"top\">Internet:<\/td>\n<td>http:\/\/www.allgeier.com\t<\/td>\n<\/tr>\n<tr>\n<td valign=\"top\">ISIN:<\/td>\n<td>DE0005086300\t<\/td>\n<\/tr>\n<tr>\n<td valign=\"top\">WKN:<\/td>\n<td>508630\t<\/td>\n<\/tr>\n<tr>\n<td valign=\"top\">Indizes:<\/td>\n<td>CDAX\t<\/td>\n<\/tr>\n<tr>\n<td valign=\"top\">B\u00f6rsen:<\/td>\n<td>Regulierter Markt in Frankfurt (General Standard); Freiverkehr in Berlin, D\u00fcsseldorf, Hamburg, Stuttgart\t<\/td>\n<\/tr>\n<tr>\n<td><\/td>\n<td valign=\"top\" colspan=\"2\"><\/td>\n<\/tr>\n<\/table>\n<table class=\"news_layout news_layout_footer_end\" border=\"0\" cellpadding=\"0\" cellspacing=\"0\" width=\"100%\"> &lt;!&#8211;&gt;<\/p>\n<tr>\n<td colspan=\"2\">\t\t\t\t<\/td>\n<\/tr>\n<tr>\n<td class='column_1'>Ende der Mitteilung<\/td>\n<td class='column_2'>DGAP-Media<\/td>\n<\/tr>\n<\/table>\n<table class='news_layout' border=\"0\" cellpadding=\"0\" cellspacing=\"0\" width=\"100%\">\n<tr>\n<td>\n<hr>\n<\/td>\n<\/tr>\n<tr>\n<td align='left'>199205\u00a0\u00a016.01.2013<\/td>\n<\/tr>\n<\/table>\n<p>&#8211;&gt;<\/table>\n","protected":false},"excerpt":{"rendered":"<p>DGAP-Media \/ 16.01.2013 \/ 11:59) M\u00fcnchen, 16.01.2013 &#8211; In der F\u00fchrung der M\u00fcnchner TOPjects GmbH, einem Unternehmen der Allgeier Gruppe, hat es einen Wechsel gegeben. Im Zuge des Rechtsformwechsels in eine GmbH wurden Andreas Seinsche, Stefan Steber sowie Rom De Vries in die Gesch\u00e4ftsf\u00fchrung<\/p>\n","protected":false},"author":2,"featured_media":0,"comment_status":"close","ping_status":"","sticky":false,"template":"","format":"standard","meta":{"footnotes":""},"categories":[17],"tags":[39],"class_list":["post-321","post","type-post","status-publish","format-standard","hentry","category-pressemitteilungen","tag-unternehmensnachrichten"],"_links":{"self":[{"href":"https:\/\/allgeier-se.seowerk.net\/de\/wp-json\/wp\/v2\/posts\/321","targetHints":{"allow":["GET"]}}],"collection":[{"href":"https:\/\/allgeier-se.seowerk.net\/de\/wp-json\/wp\/v2\/posts"}],"about":[{"href":"https:\/\/allgeier-se.seowerk.net\/de\/wp-json\/wp\/v2\/types\/post"}],"author":[{"embeddable":true,"href":"https:\/\/allgeier-se.seowerk.net\/de\/wp-json\/wp\/v2\/users\/2"}],"replies":[{"embeddable":true,"href":"https:\/\/allgeier-se.seowerk.net\/de\/wp-json\/wp\/v2\/comments?post=321"}],"version-history":[{"count":1,"href":"https:\/\/allgeier-se.seowerk.net\/de\/wp-json\/wp\/v2\/posts\/321\/revisions"}],"predecessor-version":[{"id":322,"href":"https:\/\/allgeier-se.seowerk.net\/de\/wp-json\/wp\/v2\/posts\/321\/revisions\/322"}],"wp:attachment":[{"href":"https:\/\/allgeier-se.seowerk.net\/de\/wp-json\/wp\/v2\/media?parent=321"}],"wp:term":[{"taxonomy":"category","embeddable":true,"href":"https:\/\/allgeier-se.seowerk.net\/de\/wp-json\/wp\/v2\/categories?post=321"},{"taxonomy":"post_tag","embeddable":true,"href":"https:\/\/allgeier-se.seowerk.net\/de\/wp-json\/wp\/v2\/tags?post=321"}],"curies":[{"name":"wp","href":"https:\/\/api.w.org\/{rel}","templated":true}]}}