{"id":3102,"date":"2021-07-15T12:07:14","date_gmt":"2021-07-15T10:07:14","guid":{"rendered":"https:\/\/allgeier-se.seowerk.net\/unkategorisiert\/allgeier-drueckt-segel-weltmeister-philipp-buhl-fest-die-daumen-fuer-die-olympischen-spiele\/"},"modified":"2025-02-19T20:18:17","modified_gmt":"2025-02-19T19:18:17","slug":"allgeier-drueckt-segel-weltmeister-philipp-buhl-fest-die-daumen-fuer-die-olympischen-spiele","status":"publish","type":"post","link":"https:\/\/allgeier-se.seowerk.net\/de\/news\/allgeier-drueckt-segel-weltmeister-philipp-buhl-fest-die-daumen-fuer-die-olympischen-spiele\/","title":{"rendered":"Allgeier dr\u00fcckt Segel-Weltmeister Philipp Buhl fest die Daumen f\u00fcr die Olympischen Spiele"},"content":{"rendered":"<p>Am 23. Juli 2021 beginnen die Olympischen Sommerspiele in Tokio. Wenige Tage sp\u00e4ter starten die olympischen Segelwettbewerbe. Dann wird auch Segel-Weltmeister Philipp Buhl Teil der Olympia-Wettfahrten im Wasser von Enoshima sein.<\/p>\n<p>Allgeier ist sehr froh und stolz, Segel-Weltmeister Philipp Buhl auf seinem olympischen Weg begleiten zu d\u00fcrfen. Das gesamte Allgeier-Team dr\u00fcckt Lasersegler Philipp Buhl und allen anderen Olympioniken ganz fest die Daumen f\u00fcr sensationelle Spiele in Japan. Wir werden aus der Ferne mitfiebern und w\u00fcnschen allen Sportlerinnen und Sportlern eine fantastische Zeit, beste Gesundheit und viel Erfolg.<\/p>\n<p>Philipp Buhl stammt aus Immenstadt in Bayern und wurde 2020 erster deutscher Weltmeister im Laser.<\/p>\n<p><strong>2 Weeks To Go | Philipp Buhl | Tokyo 2021<\/strong><br \/>\n<small>\u00a9wecamz<\/small><\/p>\n","protected":false},"excerpt":{"rendered":"<p>Am 23. Juli 2021 beginnen die Olympischen Sommerspiele in Tokio. Wenige Tage sp\u00e4ter starten die olympischen Segelwettbewerbe. Dann wird auch Segel-Weltmeister Philipp Buhl Teil der Olympia-Wettfahrten im Wasser von Enoshima sein. Allgeier ist sehr froh und stolz, Segel-Weltmeister Philipp Buhl auf seinem olympischen Weg begleiten zu d\u00fcrfen. Das gesamte Allgeier-Team  [&#8230;]<\/p>\n","protected":false},"author":2,"featured_media":0,"comment_status":"closed","ping_status":"closed","sticky":false,"template":"","format":"standard","meta":{"footnotes":""},"categories":[15],"tags":[39],"class_list":["post-3102","post","type-post","status-publish","format-standard","hentry","category-news","tag-unternehmensnachrichten"],"_links":{"self":[{"href":"https:\/\/allgeier-se.seowerk.net\/de\/wp-json\/wp\/v2\/posts\/3102","targetHints":{"allow":["GET"]}}],"collection":[{"href":"https:\/\/allgeier-se.seowerk.net\/de\/wp-json\/wp\/v2\/posts"}],"about":[{"href":"https:\/\/allgeier-se.seowerk.net\/de\/wp-json\/wp\/v2\/types\/post"}],"author":[{"embeddable":true,"href":"https:\/\/allgeier-se.seowerk.net\/de\/wp-json\/wp\/v2\/users\/2"}],"replies":[{"embeddable":true,"href":"https:\/\/allgeier-se.seowerk.net\/de\/wp-json\/wp\/v2\/comments?post=3102"}],"version-history":[{"count":1,"href":"https:\/\/allgeier-se.seowerk.net\/de\/wp-json\/wp\/v2\/posts\/3102\/revisions"}],"predecessor-version":[{"id":3317,"href":"https:\/\/allgeier-se.seowerk.net\/de\/wp-json\/wp\/v2\/posts\/3102\/revisions\/3317"}],"wp:attachment":[{"href":"https:\/\/allgeier-se.seowerk.net\/de\/wp-json\/wp\/v2\/media?parent=3102"}],"wp:term":[{"taxonomy":"category","embeddable":true,"href":"https:\/\/allgeier-se.seowerk.net\/de\/wp-json\/wp\/v2\/categories?post=3102"},{"taxonomy":"post_tag","embeddable":true,"href":"https:\/\/allgeier-se.seowerk.net\/de\/wp-json\/wp\/v2\/tags?post=3102"}],"curies":[{"name":"wp","href":"https:\/\/api.w.org\/{rel}","templated":true}]}}