{"id":307,"date":"2017-06-21T10:19:06","date_gmt":"2017-06-21T08:19:06","guid":{"rendered":"https:\/\/allgeier-se.seowerk.net\/?p=307"},"modified":"2025-02-11T15:16:48","modified_gmt":"2025-02-11T14:16:48","slug":"allgeier-schafft-mit-kapitalerhoehung-voraussetzungen-fuer-weiteres-wachstum","status":"publish","type":"post","link":"https:\/\/allgeier-se.seowerk.net\/de\/pressemitteilungen\/allgeier-schafft-mit-kapitalerhoehung-voraussetzungen-fuer-weiteres-wachstum\/","title":{"rendered":"Allgeier schafft mit Kapitalerh\u00f6hung Voraussetzungen f\u00fcr weiteres Wachstum"},"content":{"rendered":"<div class=\"break-word  news_main\">\n<p><i>M\u00fcnchen, 21.06.2017 &#8211; <\/i>Die Allgeier SE hat die am 20. Juni 2017 beschlossene Kapitalerh\u00f6hung um bis zu ca. 10% des Grundkapitals heute erfolgreich abgeschlossen. Im Rahmen der Transaktion wurden 907.149 auf den Inhaber lautende St\u00fcckaktien ohne Nennbetrag unter Ausschluss des Bezugsrechts der Aktion\u00e4re zu einem Platzierungspreis von EUR 18,10 ausgegeben. Damit betr\u00e4gt das Bruttoemissionsvolumen etwa 16,4 Mio. EUR. Die neuen Aktien wurden mit einem Abschlag von rund 2,2% zum um den Dividendennachteil der jungen Aktien bereinigten letzten Schlusskurs platziert.<br \/>\u00a0<\/p>\n<p>Die Gesellschaft plant den Transaktionserl\u00f6s zur Finanzierung weiterer Wachstumsinvestitionen sowie insbesondere auch zur Durchf\u00fchrung weiterer Akquisitionen einzusetzen.<br \/>\u00a0<\/p>\n<p>Die Transaktion war deutlich \u00fcberzeichnet. Neben institutionellen Investoren aus Deutschland, der Schweiz und Gro\u00dfbritannien beteiligten sich auch Organmitglieder und weitere F\u00fchrungskr\u00e4fte der Allgeier Gruppe an der Kapitalerh\u00f6hung, die damit ihr langfristiges Engagement am Unternehmen unterstreichen. Carl Georg D\u00fcrschmidt, Vorsitzender des Vorstands, bedankt sich f\u00fcr das gro\u00dfe Interesse der Investoren: Der Erfolg der Platzierung verdeutliche das starke Vertrauen der Investoren in unsere Strategie und das zuk\u00fcnftige Wachstum von Allgeier.<br \/>\u00a0<\/p>\n<p>Nach Eintragung der Durchf\u00fchrung der Kapitalerh\u00f6hung in das Handelsregister erh\u00f6ht sich das Grundkapital der Gesellschaft um EUR 907.149,00 von EUR 9.071.500,00 auf EUR 9.978.649,00. Die ausgegebenen neuen Aktien sind ab dem 01. Januar 2017 gewinnberechtigt. Sie werden prospektfrei voraussichtlich am Donnerstag, den 22. Juni 2017 zum Handel im regulierten Markt an der Frankfurter Wertpapierb\u00f6rse (General Standard) zugelassen. Die Notierungsaufnahme der neuen Aktien ist f\u00fcr Freitag, den 23. Juni 2017 vorgesehen. Die neuen Aktien werden nach der am 28. Juni 2017 stattfindenden ordentlichen Hauptversammlung der Gesellschaft, voraussichtlich am 03. Juli 2017, in die bestehende Notierung der Aktien der Gesellschaft einbezogen.<br \/>\u00a0<\/p>\n<p>Die Transaktion wurde von der Baader Bank Aktiengesellschaft begleitet.<br \/>\u00a0<\/p>\n<p><u>Wichtige Hinweise<\/u>:<br \/>\u00a0<\/p>\n<p>Die in diesem Dokument enthaltenen Informationen sind nicht zur Weitergabe in die USA, Australien, Kanada oder Japan bzw. zur Ver\u00f6ffentlichung in den USA, Australien, Kanada oder Japan bestimmt.<br \/>\u00a0<\/p>\n<p>Dieses Dokument stellt weder ein Angebot zum Verkauf noch eine Aufforderung zum Kauf von Wertpapieren dar. Dieses Dokument ist kein Angebot zum Kauf von Wertpapieren in den Vereinigten Staaten von Amerika. Wertpapiere d\u00fcrfen in den Vereinigten Staaten von Amerika nur mit vorheriger Registrierung unter den Vorschriften des U.S. Securities Act von 1933 in derzeit g\u00fcltiger Fassung oder ohne vorherige Registrierung nur aufgrund einer Ausnahmeregelung verkauft oder zum Kauf angeboten werden. Die Aktien der Allgeier SE sind nicht und werden nicht nach den Vorschriften des U.S. Securities Act von 1933 in derzeit g\u00fcltiger Fassung registriert und werden in den Vereinigten Staaten von Amerika weder verkauft noch zum Kauf angeboten.<br \/>\u00a0<\/p>\n<p>\u00a0<\/p>\n<p><u>Kontakt<\/u>:<\/p>\n<p>Allgeier SE<br \/>Dr. Christopher Gro\u00dfe<br \/>Corporate Communications &amp; Investor Relations<br \/>Wehrlestra\u00dfe 12<br \/>81679 M\u00fcnchen<br \/>Tel.: +49 (0)89\/998421-0<br \/>Fax: +49 (0)89\/998421-11<br \/>E-Mail: pr@allgeier.com<br \/>Web: www.allgeier.com<\/p>\n<p>Allgeier SE ist eines der f\u00fchrenden IT-Unternehmen f\u00fcr digitale Transformation: Mit einer auf Innovationen und Zukunftstrends ausgerichteten Wachstumsstrategie sowie einem integrativen unternehmerischen Modell ergreift Allgeier die Chancen der Digitalisierung. Drei Segmente mit individuellen fachlichen und branchenbezogenen Schwerpunkten arbeiten gemeinsam f\u00fcr rund 3.000 Kunden aus nahezu allen Branchen. Mit \u00fcber 6.500 angestellten Mitarbeitern und rund 1.300 freiberuflichen Experten bietet Allgeier den Kunden als One-Stop-Shop ein umfassendes L\u00f6sungs- und Leistungsportfolio. Allgeier bildet mit einem hochflexiblen Delivery-Modell das komplette IT-Leistungsspektrum von Onsite \u00fcber Nearshore bis hin zu Offshore ab: Mit einem starken Standbein in Indien werden Flexibilit\u00e4t und h\u00f6chste Skalierbarkeit der Leistungen sowie hochqualifiziertes Expertenwissen in der High-End-Softwareentwicklung sichergestellt. Zu den Kunden von Allgeier z\u00e4hlen global arbeitende Konzerne genauso wie innovative mittelst\u00e4ndische Betriebe, die sich durch leistungsstarke IT-L\u00f6sungen, intelligente Software und flexible Personaldienstleistungen strategische Vorteile sichern wollen. Die stark wachsende Gruppe mit Hauptsitz in M\u00fcnchen verf\u00fcgt \u00fcber mehr als 100 Niederlassungen in der DACH-Region, in neun weiteren europ\u00e4ischen L\u00e4ndern sowie in Indien, Singapur, Vietnam, Mexiko und den USA. 2016 erzielte Allgeier im fortgef\u00fchrten Gesch\u00e4ft einen Umsatz von 498 Mio. Euro. Allgeier SE belegt in der L\u00fcnendonk(R)-Liste 2016 &#8222;F\u00fchrende deutsche mittelst\u00e4ndische IT-Beratungs- und Systemintegrations-Unternehmen&#8220; den ersten Platz. Allgeier Experts ist nach L\u00fcnendonk(R)-Marktsegmentstudie 2016 &#8222;Der Markt f\u00fcr Rekrutierung, Vermittlung und Steuerung von IT-Freelancern in Deutschland&#8220; unter den TOP 3 IT-Personaldienstleistern in Deutschland. Allgeier SE ist am Regulierten Markt der Frankfurter Wertpapierb\u00f6rse im General Standard gelistet (WKN 508630, ISIN DE0005086300). Weitere Informationen unter: www.allgeier.com.<\/p>\n<p>\u00a0<\/div>\n","protected":false},"excerpt":{"rendered":"<p>DGAP-Media \/ 21.06.2017 \/ 10:19 M\u00fcnchen, 21.06.2017 &#8211; Die Allgeier SE hat die am 20. Juni 2017 beschlossene Kapitalerh\u00f6hung um bis zu ca. 10% des Grundkapitals heute erfolgreich abgeschlossen. Im Rahmen der Transaktion wurden 907.149 auf den Inhaber lautende St\u00fcckaktien ohne Nennbetrag unter Ausschluss<\/p>\n","protected":false},"author":2,"featured_media":0,"comment_status":"close","ping_status":"","sticky":false,"template":"","format":"standard","meta":{"footnotes":""},"categories":[17],"tags":[39],"class_list":["post-307","post","type-post","status-publish","format-standard","hentry","category-pressemitteilungen","tag-unternehmensnachrichten"],"_links":{"self":[{"href":"https:\/\/allgeier-se.seowerk.net\/de\/wp-json\/wp\/v2\/posts\/307","targetHints":{"allow":["GET"]}}],"collection":[{"href":"https:\/\/allgeier-se.seowerk.net\/de\/wp-json\/wp\/v2\/posts"}],"about":[{"href":"https:\/\/allgeier-se.seowerk.net\/de\/wp-json\/wp\/v2\/types\/post"}],"author":[{"embeddable":true,"href":"https:\/\/allgeier-se.seowerk.net\/de\/wp-json\/wp\/v2\/users\/2"}],"replies":[{"embeddable":true,"href":"https:\/\/allgeier-se.seowerk.net\/de\/wp-json\/wp\/v2\/comments?post=307"}],"version-history":[{"count":1,"href":"https:\/\/allgeier-se.seowerk.net\/de\/wp-json\/wp\/v2\/posts\/307\/revisions"}],"predecessor-version":[{"id":308,"href":"https:\/\/allgeier-se.seowerk.net\/de\/wp-json\/wp\/v2\/posts\/307\/revisions\/308"}],"wp:attachment":[{"href":"https:\/\/allgeier-se.seowerk.net\/de\/wp-json\/wp\/v2\/media?parent=307"}],"wp:term":[{"taxonomy":"category","embeddable":true,"href":"https:\/\/allgeier-se.seowerk.net\/de\/wp-json\/wp\/v2\/categories?post=307"},{"taxonomy":"post_tag","embeddable":true,"href":"https:\/\/allgeier-se.seowerk.net\/de\/wp-json\/wp\/v2\/tags?post=307"}],"curies":[{"name":"wp","href":"https:\/\/api.w.org\/{rel}","templated":true}]}}