{"id":3060,"date":"2020-02-18T05:35:19","date_gmt":"2020-02-18T04:35:19","guid":{"rendered":"https:\/\/allgeier-se.seowerk.net\/unkategorisiert\/allgeier-congratulates-sailing-world-champion-philipp-buhl\/"},"modified":"2025-02-19T20:18:17","modified_gmt":"2025-02-19T19:18:17","slug":"allgeier-gratuliert-segel-weltmeister-philipp-buhl","status":"publish","type":"post","link":"https:\/\/allgeier-se.seowerk.net\/de\/news\/allgeier-gratuliert-segel-weltmeister-philipp-buhl\/","title":{"rendered":"Allgeier gratuliert Segel-Weltmeister Philipp Buhl"},"content":{"rendered":"<p>Der deutsche Olympiasegler Philipp Buhl kr\u00f6nt sich vor Melbourne (Australien) zum Segel-Weltmeister und schreibt Sportgeschichte! In der olympischen Laserklasse gewinnt der bayerische Spitzensportler aus Sonthofen im Allg\u00e4u als erster Deutscher Steuermann \u00fcberhaupt den WM-Titel. Allgeier ist stolz darauf, Philipp Buhl als Partner unterst\u00fctzen zu d\u00fcrfen. Im Namen des gesamten globalen Allgeier-Teams gratulieren wir Philipp Buhl und seinem Team sehr herzlich zu ihrer herausragenden Leistung und diesem historischen Erfolg.<br \/>\n<br \/>\n<img class=\"lazyload\" decoding=\"async\" src=\"data:image\/gif;base64,R0lGODlhAQABAAAAACH5BAEKAAEALAAAAAABAAEAAAICTAEAOw==\" data-orig-src=\"https:\/\/allgeier-se.seowerk.net\/wp-content\/uploads\/2025\/02\/sven.jpg\" alt=\"\u00a9 Sven J\u00fcrgensen\" title=\"\u00a9 Sven J\u00fcrgensen\" width=\"100%\" \/><br \/>\n<br \/>\n<img class=\"lazyload\" decoding=\"async\" src=\"data:image\/gif;base64,R0lGODlhAQABAAAAACH5BAEKAAEALAAAAAABAAEAAAICTAEAOw==\" data-orig-src=\"https:\/\/allgeier-se.seowerk.net\/wp-content\/uploads\/2025\/02\/phillip.jpg\" alt=\"\u00a9 Tom West\" title=\"\u00a9 Tom West\" width=\"100%\" \/><\/p>\n<p>Philipp Buhl setzte sich vor der australischen K\u00fcste in einem herausragend besetzten Feld von 124 Boote aus 44 Nationen in zw\u00f6lf spektakul\u00e4ren Rennen durch. Damit hat der 30-j\u00e4hrige im Olympia-Jahr den bisherigen H\u00f6hepunkt seiner Profi-Karriere erreicht. Zuvor hatte Philipp Buhl bereits zweimal Bronze und einmal Silber bei Segel-Weltmeisterschaften gewonnen.<\/p>\n<p>Allgeier wird Philipp Buhl weiter auf seiner Mission begleiten, nach dem WM-Gold diesen Sommer auch bei Olympia in Tokio eine Medaille zu gewinnen.<\/p>\n<p><a href=\"https:\/\/www.philipp-buhl.de\/index.php?option=com_content&amp;view=article&amp;id=645&amp;catid=94&amp;Itemid=408\">Lesen Sie mehr dazu auf Philipp Buhls Webseite (inklusive eines umfassenden Berichts von der Weltmeisterschaft und vielen Fotos)<\/a><\/p>\n","protected":false},"excerpt":{"rendered":"<p>Der deutsche Olympiasegler Philipp Buhl kr\u00f6nt sich vor Melbourne (Australien) zum Segel-Weltmeister und schreibt Sportgeschichte! In der olympischen Laserklasse gewinnt der bayerische Spitzensportler aus Sonthofen im Allg\u00e4u als erster Deutscher Steuermann \u00fcberhaupt den WM-Titel. Allgeier ist stolz darauf, Philipp Buhl als Partner unterst\u00fctzen zu d\u00fcrfen. Im Namen des gesamten globalen  [&#8230;]<\/p>\n","protected":false},"author":2,"featured_media":3061,"comment_status":"closed","ping_status":"closed","sticky":false,"template":"","format":"standard","meta":{"footnotes":""},"categories":[15],"tags":[39],"class_list":["post-3060","post","type-post","status-publish","format-standard","has-post-thumbnail","hentry","category-news","tag-unternehmensnachrichten"],"_links":{"self":[{"href":"https:\/\/allgeier-se.seowerk.net\/de\/wp-json\/wp\/v2\/posts\/3060","targetHints":{"allow":["GET"]}}],"collection":[{"href":"https:\/\/allgeier-se.seowerk.net\/de\/wp-json\/wp\/v2\/posts"}],"about":[{"href":"https:\/\/allgeier-se.seowerk.net\/de\/wp-json\/wp\/v2\/types\/post"}],"author":[{"embeddable":true,"href":"https:\/\/allgeier-se.seowerk.net\/de\/wp-json\/wp\/v2\/users\/2"}],"replies":[{"embeddable":true,"href":"https:\/\/allgeier-se.seowerk.net\/de\/wp-json\/wp\/v2\/comments?post=3060"}],"version-history":[{"count":1,"href":"https:\/\/allgeier-se.seowerk.net\/de\/wp-json\/wp\/v2\/posts\/3060\/revisions"}],"predecessor-version":[{"id":3063,"href":"https:\/\/allgeier-se.seowerk.net\/de\/wp-json\/wp\/v2\/posts\/3060\/revisions\/3063"}],"wp:featuredmedia":[{"embeddable":true,"href":"https:\/\/allgeier-se.seowerk.net\/de\/wp-json\/wp\/v2\/media\/3061"}],"wp:attachment":[{"href":"https:\/\/allgeier-se.seowerk.net\/de\/wp-json\/wp\/v2\/media?parent=3060"}],"wp:term":[{"taxonomy":"category","embeddable":true,"href":"https:\/\/allgeier-se.seowerk.net\/de\/wp-json\/wp\/v2\/categories?post=3060"},{"taxonomy":"post_tag","embeddable":true,"href":"https:\/\/allgeier-se.seowerk.net\/de\/wp-json\/wp\/v2\/tags?post=3060"}],"curies":[{"name":"wp","href":"https:\/\/api.w.org\/{rel}","templated":true}]}}