{"id":3027,"date":"2017-05-02T10:40:54","date_gmt":"2017-05-02T08:40:54","guid":{"rendered":"https:\/\/allgeier-se.seowerk.net\/unkategorisiert\/allgeier-sap-alle-antworten-fur-die-community\/"},"modified":"2025-02-19T20:18:17","modified_gmt":"2025-02-19T19:18:17","slug":"allgeier-sap-alle-antworten-fuer-die-community","status":"publish","type":"post","link":"https:\/\/allgeier-se.seowerk.net\/de\/news\/allgeier-sap-alle-antworten-fuer-die-community\/","title":{"rendered":"Allgeier SAP: Alle Antworten f\u00fcr die Community"},"content":{"rendered":"<p>Das mittelst\u00e4ndische IT-Systemhaus Allgeier deckt alle relevanten Themengebiete f\u00fcr SAP-Bestandskunden ab und erg\u00e4nzt die SAP-L\u00f6sungen durch eigene innovative Antworten. Damit bietet Allgeier eine Breite und Tiefe an spezialisierter SAP-Kompetenz, die sich bei kaum einem anderen Wettbewerber finden l\u00e4sst. Der Chefredakteur des E-3 Magazins, Peter M. F\u00e4rbinger, sprach f\u00fcr die Titelstory des Fachmediums mit J\u00f6rg Dietmann, Vorstand der Allgeier Enterprise Services AG.<\/p>\n<p><a href=\"https:\/\/allgeier-se.seowerk.net\/wp-content\/uploads\/2017\/05\/Allgeier-SE_E-3_1705_Coverstory_web.pdf\" target=\"_blank\" rel=\"noopener\">Das ganze Interview und die Titelstory finden Sie hier<\/a>:<\/p>\n<p><a href=\"https:\/\/allgeier-se.seowerk.net\/wp-content\/uploads\/2017\/05\/Allgeier-SE_E-3_1705_Coverstory_web.pdf\" target=\"_blank\" rel=\"attachment noopener wp-att-2300\"><img decoding=\"async\" class=\"lazyload alignnone wp-image-2300\" src=\"data:image\/svg+xml,%3Csvg%20xmlns%3D%27http%3A%2F%2Fwww.w3.org%2F2000%2Fsvg%27%20width%3D%27280%27%20height%3D%27395%27%20viewBox%3D%270%200%20280%20395%27%3E%3Crect%20width%3D%27280%27%20height%3D%27395%27%20fill-opacity%3D%220%22%2F%3E%3C%2Fsvg%3E\" data-orig-src=\"https:\/\/allgeier-se.seowerk.net\/wp-content\/uploads\/2025\/02\/Allgeier-ES_E-3_1705_Coverstory_Titel-212x300-1.jpg\" alt=\"Allgeier ES_E-3_1705_Coverstory_Titel\" width=\"280\" height=\"395\" \/><\/a><\/p>\n<p><a href=\"https:\/\/e-3.de\/2017\/04\/27\/alle-antworten-fuer-die-community\/\" target=\"_blank\" rel=\"noopener\">Allgeier: Alle Antworten f\u00fcr die Community [externer Link zum E-3 Magazin]<\/a><\/p>\n","protected":false},"excerpt":{"rendered":"<p>Das mittelst\u00e4ndische IT-Systemhaus Allgeier deckt alle relevanten Themengebiete f\u00fcr SAP-Bestandskunden ab und erg\u00e4nzt die SAP-L\u00f6sungen durch eigene innovative Antworten. Damit bietet Allgeier eine Breite und Tiefe an spezialisierter SAP-Kompetenz, die sich bei kaum einem anderen Wettbewerber finden l\u00e4sst. Der Chefredakteur des E-3 Magazins, Peter M. F\u00e4rbinger, sprach f\u00fcr die Titelstory  [&#8230;]<\/p>\n","protected":false},"author":2,"featured_media":3030,"comment_status":"closed","ping_status":"closed","sticky":false,"template":"","format":"standard","meta":{"footnotes":""},"categories":[15],"tags":[39],"class_list":["post-3027","post","type-post","status-publish","format-standard","has-post-thumbnail","hentry","category-news","tag-unternehmensnachrichten"],"_links":{"self":[{"href":"https:\/\/allgeier-se.seowerk.net\/de\/wp-json\/wp\/v2\/posts\/3027","targetHints":{"allow":["GET"]}}],"collection":[{"href":"https:\/\/allgeier-se.seowerk.net\/de\/wp-json\/wp\/v2\/posts"}],"about":[{"href":"https:\/\/allgeier-se.seowerk.net\/de\/wp-json\/wp\/v2\/types\/post"}],"author":[{"embeddable":true,"href":"https:\/\/allgeier-se.seowerk.net\/de\/wp-json\/wp\/v2\/users\/2"}],"replies":[{"embeddable":true,"href":"https:\/\/allgeier-se.seowerk.net\/de\/wp-json\/wp\/v2\/comments?post=3027"}],"version-history":[{"count":2,"href":"https:\/\/allgeier-se.seowerk.net\/de\/wp-json\/wp\/v2\/posts\/3027\/revisions"}],"predecessor-version":[{"id":3127,"href":"https:\/\/allgeier-se.seowerk.net\/de\/wp-json\/wp\/v2\/posts\/3027\/revisions\/3127"}],"wp:featuredmedia":[{"embeddable":true,"href":"https:\/\/allgeier-se.seowerk.net\/de\/wp-json\/wp\/v2\/media\/3030"}],"wp:attachment":[{"href":"https:\/\/allgeier-se.seowerk.net\/de\/wp-json\/wp\/v2\/media?parent=3027"}],"wp:term":[{"taxonomy":"category","embeddable":true,"href":"https:\/\/allgeier-se.seowerk.net\/de\/wp-json\/wp\/v2\/categories?post=3027"},{"taxonomy":"post_tag","embeddable":true,"href":"https:\/\/allgeier-se.seowerk.net\/de\/wp-json\/wp\/v2\/tags?post=3027"}],"curies":[{"name":"wp","href":"https:\/\/api.w.org\/{rel}","templated":true}]}}