{"id":3026,"date":"2017-04-27T11:31:22","date_gmt":"2017-04-27T09:31:22","guid":{"rendered":"https:\/\/allgeier-se.seowerk.net\/unkategorisiert\/es-27042017\/"},"modified":"2025-02-19T20:18:17","modified_gmt":"2025-02-19T19:18:17","slug":"dgap-afr-allgeier-se-vorabbekanntmachung-ueber-die-veroeffentlichung-von-finanzberichten-gemaess-%c2%a7-37v-37w-37y-wphg-3","status":"publish","type":"post","link":"https:\/\/allgeier-se.seowerk.net\/de\/news\/dgap-afr-allgeier-se-vorabbekanntmachung-ueber-die-veroeffentlichung-von-finanzberichten-gemaess-%c2%a7-37v-37w-37y-wphg-3\/","title":{"rendered":"DGAP-AFR: ALLGEIER SE: Vorabbekanntmachung \u00fcber die Ver\u00f6ffentlichung von Finanzberichten gem\u00e4\u00df \u00a7 37v, 37w, 37y WpHG"},"content":{"rendered":"<pre>DGAP Vorabbekanntmachung Finanzberichte: ALLGEIER SE \/ Vorabbekanntmachung\n\u00fcber die Ver\u00f6ffentlichung von Rechnungslegungsberichten\nALLGEIER SE: Vorabbekanntmachung \u00fcber die Ver\u00f6ffentlichung von\nFinanzberichten gem\u00e4\u00df \u00a7 37v, 37w, 37y WpHG\n\n27.04.2017 \/ 11:31\nVorabbekanntmachung \u00fcber die Ver\u00f6ffentlichung von Finanzberichten gem\u00e4\u00df \u00a7\n37v, 37w, 37y WpHG \u00fcbermittelt durch DGAP - ein Service der EQS Group AG.\nF\u00fcr den Inhalt der Mitteilung ist der Emittent verantwortlich.\n\n---------------------------------------------------------------------------\n\nHiermit gibt die ALLGEIER SE bekannt, dass folgende Finanzberichte\nver\u00f6ffentlicht werden:\n\nBericht: Konzern-Jahresfinanzbericht\nVer\u00f6ffentlichungsdatum \/ Deutsch: 28.04.2017\nDeutsch: https:\/\/www.allgeier.com\/de\/investor-relations\/reports\/\n\n\n---------------------------------------------------------------------------\n\n27.04.2017 Die DGAP Distributionsservices umfassen gesetzliche\nMeldepflichten, Corporate News\/Finanznachrichten und Pressemitteilungen.\nMedienarchiv unter http:\/\/www.dgap.de\n\n---------------------------------------------------------------------------\n\n   Sprache:        Deutsch\n   Unternehmen:    ALLGEIER SE\n                   Wehrlestra\u00dfe 12\n                   81679 M\u00fcnchen\n                   Deutschland\n   Internet:       https:\/\/www.allgeier.com\n\n\n\n   Ende der Mitteilung    DGAP News-Service\n---------------------------------------------------------------------------\n\n568197 27.04.2017\n<\/pre>\n","protected":false},"excerpt":{"rendered":"<p>DGAP Vorabbekanntmachung Finanzberichte: ALLGEIER SE \/ Vorabbekanntmachung \u00fcber die Ver\u00f6ffentlichung von Rechnungslegungsberichten ALLGEIER SE: Vorabbekanntmachung \u00fcber die Ver\u00f6ffentlichung von Finanzberichten gem\u00e4\u00df \u00a7 37v, 37w, 37y WpHG 27.04.2017 \/ 11:31 Vorabbekanntmachung \u00fcber die Ver\u00f6ffentlichung von Finanzberichten gem\u00e4\u00df \u00a7 37v, 37w, 37y WpHG \u00fcbermittelt durch DGAP &#8211; ein Service der EQS Group  [&#8230;]<\/p>\n","protected":false},"author":2,"featured_media":0,"comment_status":"closed","ping_status":"closed","sticky":false,"template":"","format":"standard","meta":{"footnotes":""},"categories":[15],"tags":[39],"class_list":["post-3026","post","type-post","status-publish","format-standard","hentry","category-news","tag-unternehmensnachrichten"],"_links":{"self":[{"href":"https:\/\/allgeier-se.seowerk.net\/de\/wp-json\/wp\/v2\/posts\/3026","targetHints":{"allow":["GET"]}}],"collection":[{"href":"https:\/\/allgeier-se.seowerk.net\/de\/wp-json\/wp\/v2\/posts"}],"about":[{"href":"https:\/\/allgeier-se.seowerk.net\/de\/wp-json\/wp\/v2\/types\/post"}],"author":[{"embeddable":true,"href":"https:\/\/allgeier-se.seowerk.net\/de\/wp-json\/wp\/v2\/users\/2"}],"replies":[{"embeddable":true,"href":"https:\/\/allgeier-se.seowerk.net\/de\/wp-json\/wp\/v2\/comments?post=3026"}],"version-history":[{"count":1,"href":"https:\/\/allgeier-se.seowerk.net\/de\/wp-json\/wp\/v2\/posts\/3026\/revisions"}],"predecessor-version":[{"id":3306,"href":"https:\/\/allgeier-se.seowerk.net\/de\/wp-json\/wp\/v2\/posts\/3026\/revisions\/3306"}],"wp:attachment":[{"href":"https:\/\/allgeier-se.seowerk.net\/de\/wp-json\/wp\/v2\/media?parent=3026"}],"wp:term":[{"taxonomy":"category","embeddable":true,"href":"https:\/\/allgeier-se.seowerk.net\/de\/wp-json\/wp\/v2\/categories?post=3026"},{"taxonomy":"post_tag","embeddable":true,"href":"https:\/\/allgeier-se.seowerk.net\/de\/wp-json\/wp\/v2\/tags?post=3026"}],"curies":[{"name":"wp","href":"https:\/\/api.w.org\/{rel}","templated":true}]}}