{"id":3016,"date":"2016-08-12T14:54:01","date_gmt":"2016-08-12T12:54:01","guid":{"rendered":"https:\/\/allgeier-se.seowerk.net\/unkategorisiert\/es-12082016\/"},"modified":"2025-02-19T20:18:18","modified_gmt":"2025-02-19T19:18:18","slug":"dgap-afr-allgeier-se-vorabbekanntmachung-ueber-die-veroeffentlichung-von-finanzberichten-gemaess-%c2%a7-37v-37w-37y-wphg-2","status":"publish","type":"post","link":"https:\/\/allgeier-se.seowerk.net\/de\/news\/dgap-afr-allgeier-se-vorabbekanntmachung-ueber-die-veroeffentlichung-von-finanzberichten-gemaess-%c2%a7-37v-37w-37y-wphg-2\/","title":{"rendered":"DGAP-AFR: ALLGEIER SE: Vorabbekanntmachung \u00fcber die Ver\u00f6ffentlichung von Finanzberichten gem\u00e4\u00df \u00a7 37v, 37w, 37y WpHG"},"content":{"rendered":"<pre>\nALLGEIER SE  \/ Vorabbekanntmachung \u00fcber die Ver\u00f6ffentlichung von Rechnungslegungsberichten\n\n12.08.2016 14:54\n\nVorabbekanntmachung \u00fcber die Ver\u00f6ffentlichung von Finanzberichten gem\u00e4\u00df \u00a7 37v, 37w, 37y WpHG, \u00fcbermittelt durch DGAP - ein Service der EQS Group AG.\nF\u00fcr den Inhalt der Mitteilung ist der Emittent verantwortlich.\n\n---------------------------------------------------------------------------\n\nHiermit gibt die ALLGEIER SE bekannt, dass folgende Finanzberichte\nver\u00f6ffentlicht werden:\n\nBericht: Konzern-Finanzbericht (Halbjahr\/Q2)\nVer\u00f6ffentlichungsdatum \/ Deutsch: 16.08.2016\nDeutsch: https:\/\/www.allgeier.com\/de\/investor-relations\/reports\/\n\n\n\n12.08.2016 Die DGAP Distributionsservices umfassen gesetzliche \nMeldepflichten, Corporate News\/Finanznachrichten und Pressemitteilungen. \nDGAP-Medienarchive unter www.dgap.de \n\n---------------------------------------------------------------------------\n \nSprache:      Deutsch\nUnternehmen:  ALLGEIER SE\n              Wehrlestra\u00dfe 12\n              81679 M\u00fcnchen\n              Deutschland\nInternet:     https:\/\/www.allgeier.com\n \nEnde der Mitteilung                             DGAP News-Service\n \n---------------------------------------------------------------------------\n\n<\/pre>\n","protected":false},"excerpt":{"rendered":"<p>ALLGEIER SE \/ Vorabbekanntmachung \u00fcber die Ver\u00f6ffentlichung von Rechnungslegungsberichten 12.08.2016 14:54 Vorabbekanntmachung \u00fcber die Ver\u00f6ffentlichung von Finanzberichten gem\u00e4\u00df \u00a7 37v, 37w, 37y WpHG, \u00fcbermittelt durch DGAP &#8211; ein Service der EQS Group AG. F\u00fcr den Inhalt der Mitteilung ist der Emittent verantwortlich. &#8212;&#8212;&#8212;&#8212;&#8212;&#8212;&#8212;&#8212;&#8212;&#8212;&#8212;&#8212;&#8212;&#8212;&#8212;&#8212;&#8212;&#8212;&#8212;&#8212;&#8212;&#8212;&#8212;&#8212;&#8212; Hiermit gibt die ALLGEIER SE bekannt, dass  [&#8230;]<\/p>\n","protected":false},"author":2,"featured_media":0,"comment_status":"closed","ping_status":"closed","sticky":false,"template":"","format":"standard","meta":{"footnotes":""},"categories":[15],"tags":[39],"class_list":["post-3016","post","type-post","status-publish","format-standard","hentry","category-news","tag-unternehmensnachrichten"],"_links":{"self":[{"href":"https:\/\/allgeier-se.seowerk.net\/de\/wp-json\/wp\/v2\/posts\/3016","targetHints":{"allow":["GET"]}}],"collection":[{"href":"https:\/\/allgeier-se.seowerk.net\/de\/wp-json\/wp\/v2\/posts"}],"about":[{"href":"https:\/\/allgeier-se.seowerk.net\/de\/wp-json\/wp\/v2\/types\/post"}],"author":[{"embeddable":true,"href":"https:\/\/allgeier-se.seowerk.net\/de\/wp-json\/wp\/v2\/users\/2"}],"replies":[{"embeddable":true,"href":"https:\/\/allgeier-se.seowerk.net\/de\/wp-json\/wp\/v2\/comments?post=3016"}],"version-history":[{"count":1,"href":"https:\/\/allgeier-se.seowerk.net\/de\/wp-json\/wp\/v2\/posts\/3016\/revisions"}],"predecessor-version":[{"id":3304,"href":"https:\/\/allgeier-se.seowerk.net\/de\/wp-json\/wp\/v2\/posts\/3016\/revisions\/3304"}],"wp:attachment":[{"href":"https:\/\/allgeier-se.seowerk.net\/de\/wp-json\/wp\/v2\/media?parent=3016"}],"wp:term":[{"taxonomy":"category","embeddable":true,"href":"https:\/\/allgeier-se.seowerk.net\/de\/wp-json\/wp\/v2\/categories?post=3016"},{"taxonomy":"post_tag","embeddable":true,"href":"https:\/\/allgeier-se.seowerk.net\/de\/wp-json\/wp\/v2\/tags?post=3016"}],"curies":[{"name":"wp","href":"https:\/\/api.w.org\/{rel}","templated":true}]}}