{"id":3015,"date":"2016-06-20T14:18:20","date_gmt":"2016-06-20T12:18:20","guid":{"rendered":"https:\/\/allgeier-se.seowerk.net\/unkategorisiert\/cloud-ante-portas-wie-amazon-microsoft-co-das-pferd-gesattelt-haben\/"},"modified":"2025-02-19T20:18:18","modified_gmt":"2025-02-19T19:18:18","slug":"report-at-cloud-ante-portas-wie-amazon-microsoft-co-das-pferd-gesattelt-haben","status":"publish","type":"post","link":"https:\/\/allgeier-se.seowerk.net\/de\/news\/report-at-cloud-ante-portas-wie-amazon-microsoft-co-das-pferd-gesattelt-haben\/","title":{"rendered":"Report.at: Cloud ante portas \u2013 wie Amazon, Microsoft &#038; Co das Pferd gesattelt haben"},"content":{"rendered":"<p>Wer immer noch meint, dass die Wolke sich verziehen k\u00f6nnte, liegt falsch. Zu viele zu gro\u00dfe Unternehmen haben dieses Pferd \u00fcber Jahre gesattelt, investiert und mitentwickelt. Die eigentliche Frage ist nicht, ob, sondern wie weit wir sie voraus galoppieren lassen.<br \/>\n<a href=\"http:\/\/www.report.at\/telekom\/telekommeinung\/item\/89292-cloud-ante-portas-wie-amazon-microsoft-co-das-pferd-gesattelt-haben\" target=\"_blank\">Mehr<\/a><\/p>\n","protected":false},"excerpt":{"rendered":"<p>Wer immer noch meint, dass die Wolke sich verziehen k\u00f6nnte, liegt falsch. Zu viele zu gro\u00dfe Unternehmen haben dieses Pferd \u00fcber Jahre gesattelt, investiert und mitentwickelt. Die eigentliche Frage ist nicht, ob, sondern wie weit wir sie voraus galoppieren lassen. Mehr<\/p>\n","protected":false},"author":2,"featured_media":0,"comment_status":"closed","ping_status":"closed","sticky":false,"template":"","format":"standard","meta":{"footnotes":""},"categories":[15],"tags":[39],"class_list":["post-3015","post","type-post","status-publish","format-standard","hentry","category-news","tag-unternehmensnachrichten"],"_links":{"self":[{"href":"https:\/\/allgeier-se.seowerk.net\/de\/wp-json\/wp\/v2\/posts\/3015","targetHints":{"allow":["GET"]}}],"collection":[{"href":"https:\/\/allgeier-se.seowerk.net\/de\/wp-json\/wp\/v2\/posts"}],"about":[{"href":"https:\/\/allgeier-se.seowerk.net\/de\/wp-json\/wp\/v2\/types\/post"}],"author":[{"embeddable":true,"href":"https:\/\/allgeier-se.seowerk.net\/de\/wp-json\/wp\/v2\/users\/2"}],"replies":[{"embeddable":true,"href":"https:\/\/allgeier-se.seowerk.net\/de\/wp-json\/wp\/v2\/comments?post=3015"}],"version-history":[{"count":1,"href":"https:\/\/allgeier-se.seowerk.net\/de\/wp-json\/wp\/v2\/posts\/3015\/revisions"}],"predecessor-version":[{"id":3303,"href":"https:\/\/allgeier-se.seowerk.net\/de\/wp-json\/wp\/v2\/posts\/3015\/revisions\/3303"}],"wp:attachment":[{"href":"https:\/\/allgeier-se.seowerk.net\/de\/wp-json\/wp\/v2\/media?parent=3015"}],"wp:term":[{"taxonomy":"category","embeddable":true,"href":"https:\/\/allgeier-se.seowerk.net\/de\/wp-json\/wp\/v2\/categories?post=3015"},{"taxonomy":"post_tag","embeddable":true,"href":"https:\/\/allgeier-se.seowerk.net\/de\/wp-json\/wp\/v2\/tags?post=3015"}],"curies":[{"name":"wp","href":"https:\/\/api.w.org\/{rel}","templated":true}]}}