{"id":3012,"date":"2016-02-15T04:52:30","date_gmt":"2016-02-15T03:52:30","guid":{"rendered":"https:\/\/allgeier-se.seowerk.net\/unkategorisiert\/industrie-4-0-evolution-oder-revolution\/"},"modified":"2025-02-19T20:18:18","modified_gmt":"2025-02-19T19:18:18","slug":"industrie-4-0-evolution-oder-revolution","status":"publish","type":"post","link":"https:\/\/allgeier-se.seowerk.net\/de\/news\/industrie-4-0-evolution-oder-revolution\/","title":{"rendered":"Industrie 4.0 \u2013 Evolution oder Revolution?"},"content":{"rendered":"<p>IT\u2019s Morning in M\u00fcnchen: IT-Kompetenz aus der Praxis \u2013 kurz, pr\u00e4gnant und sachlich pr\u00e4sentiert in aktuellen Vortr\u00e4gen.<br \/>\nDie Allgeier Company Goetzfried Professionals l\u00e4dt Sie gemeinsam mit der Netz1 GmbH zu einem spannenden Event mit hochkar\u00e4tigen Referenten.<\/p>\n<p>Menschen \u2013 Prozesse \u2013 Produkte \u2013 Gesch\u00e4ftsmodelle<br \/>\nDer rasante technologische Fortschritt stellt bestehende Gesch\u00e4ftsmodelle auf den Pr\u00fcfstand und l\u00e4sst neue entstehen. Etablierte Player am Markt werden von Nischenanbietern bedr\u00e4ngt, Branchengrenzen zerflie\u00dfen, die Kleinen konkurrieren mit den Gro\u00dfen.<br \/>\nWelche Folgen hat diese Entwicklung heute f\u00fcr Ihr Unternehmen? Welche Chancen bietet Industrie 4.0 und welche Stolpersteine sollten Sie beachten? Diese und weitere Fragen greifen im Rahmen unserer Veranstaltungsreihe \u201eIT\u2019s Morning\u201c auf und betrachten sie mit Ihnen gemeinsam in interessanten Fachvortr\u00e4gen und Diskussionen.<br \/>\nErfahren Sie, wie Sie Ihr Unternehmen und Ihre Mitarbeiter fit machen f\u00fcr die Anforderungen der Industrie 4.0!<br \/>\nWann: 25.02.2016, 09:00 Uhr \u2013 13:00 Uhr (Empfang: 08:30 Uhr)<br \/>\nWo: MTZ M\u00fcnchner Technologiezentrum, Agnes-Pockels-Bogen 1, 80992 M\u00fcnchen<\/p>\n<p>Sichern Sie sich gleich hier Ihre kostenlose Teilnahme: <a href=\"http:\/\/anmeldung.its-morning.com\/\">anmeldung.its-morning.com<\/a><\/p>\n","protected":false},"excerpt":{"rendered":"<p>IT\u2019s Morning in M\u00fcnchen: IT-Kompetenz aus der Praxis \u2013 kurz, pr\u00e4gnant und sachlich pr\u00e4sentiert in aktuellen Vortr\u00e4gen. Die Allgeier Company Goetzfried Professionals l\u00e4dt Sie gemeinsam mit der Netz1 GmbH zu einem spannenden Event mit hochkar\u00e4tigen Referenten. Menschen \u2013 Prozesse \u2013 Produkte \u2013 Gesch\u00e4ftsmodelle Der rasante technologische Fortschritt stellt bestehende Gesch\u00e4ftsmodelle  [&#8230;]<\/p>\n","protected":false},"author":2,"featured_media":0,"comment_status":"closed","ping_status":"closed","sticky":false,"template":"","format":"standard","meta":{"footnotes":""},"categories":[15],"tags":[39],"class_list":["post-3012","post","type-post","status-publish","format-standard","hentry","category-news","tag-unternehmensnachrichten"],"_links":{"self":[{"href":"https:\/\/allgeier-se.seowerk.net\/de\/wp-json\/wp\/v2\/posts\/3012","targetHints":{"allow":["GET"]}}],"collection":[{"href":"https:\/\/allgeier-se.seowerk.net\/de\/wp-json\/wp\/v2\/posts"}],"about":[{"href":"https:\/\/allgeier-se.seowerk.net\/de\/wp-json\/wp\/v2\/types\/post"}],"author":[{"embeddable":true,"href":"https:\/\/allgeier-se.seowerk.net\/de\/wp-json\/wp\/v2\/users\/2"}],"replies":[{"embeddable":true,"href":"https:\/\/allgeier-se.seowerk.net\/de\/wp-json\/wp\/v2\/comments?post=3012"}],"version-history":[{"count":1,"href":"https:\/\/allgeier-se.seowerk.net\/de\/wp-json\/wp\/v2\/posts\/3012\/revisions"}],"predecessor-version":[{"id":3300,"href":"https:\/\/allgeier-se.seowerk.net\/de\/wp-json\/wp\/v2\/posts\/3012\/revisions\/3300"}],"wp:attachment":[{"href":"https:\/\/allgeier-se.seowerk.net\/de\/wp-json\/wp\/v2\/media?parent=3012"}],"wp:term":[{"taxonomy":"category","embeddable":true,"href":"https:\/\/allgeier-se.seowerk.net\/de\/wp-json\/wp\/v2\/categories?post=3012"},{"taxonomy":"post_tag","embeddable":true,"href":"https:\/\/allgeier-se.seowerk.net\/de\/wp-json\/wp\/v2\/tags?post=3012"}],"curies":[{"name":"wp","href":"https:\/\/api.w.org\/{rel}","templated":true}]}}