{"id":2997,"date":"2012-06-10T06:29:02","date_gmt":"2012-06-10T04:29:02","guid":{"rendered":"https:\/\/allgeier-se.seowerk.net\/unkategorisiert\/10062012-2\/"},"modified":"2025-02-19T20:18:18","modified_gmt":"2025-02-19T19:18:18","slug":"gemed-erweitert-praesenz-in-deutschland-neuer-standort-in-bremen","status":"publish","type":"post","link":"https:\/\/allgeier-se.seowerk.net\/de\/news\/gemed-erweitert-praesenz-in-deutschland-neuer-standort-in-bremen\/","title":{"rendered":"GEMED erweitert Pr\u00e4senz in Deutschland &#8211; neuer Standort in Bremen"},"content":{"rendered":"<p>GEMED baut seine Pr\u00e4senz in Deutschland aus und er\u00f6ffnet einen neuen Standort in Bremen. Das Unternehmen aus Ulm, das seit 2011 zur b\u00f6rsennotierten Allgeier Gruppe geh\u00f6rt, wird dadurch dem gestiegenen Kundenaufkommen im Norden Deutschlands gerecht und unterstreicht damit sein kontinuierliches Wachstum.<br \/>\nGEMED ist bei der Bearbeitung und Archivierung medizinischer Daten eine feste Gr\u00f6\u00dfe im deutschen Markt und geh\u00f6rt zu den f\u00fchrenden Anbietern von RIS\/PACS f\u00fcr niedergelassene Radiologen und Krankenh\u00e4usern. Mit Standorten in Ulm und Freiburg im Breisgau bedient GEMED den gesamtdeutschen Markt. Ab sofort hat GEMED nun einen dritten Standort in Bremen und f\u00fchrt damit sein stetiges Wachstum weiter fort. &#8222;Wir haben in den vergangenen Monaten unsere Vertriebsaktivit\u00e4ten in Norden deutlich verst\u00e4rkt und etliche Neukunden gewonnen. Durch die Er\u00f6ffnung einer Zweigstelle in Bremen k\u00f6nnen wir nun unsere Kunden vor Ort noch schneller und direkter bedienen und von Bremen unsere Vermarktungspotenziale im Norden weiter ausbauen&#8220;, erkl\u00e4rt Wolfgang Schmezer, Gesch\u00e4ftsf\u00fchrer der GEMED GmbH, den Schritt.<\/p>\n<p>Enge Zusammenarbeit auf Gruppenebene<\/p>\n<p>GEMED verf\u00fcgt \u00fcber etliche Kunden in Bremen, Celle, Peine, Kiel, Hannover und auf Sylt. Zudem hat das Ulmer Unternehmen Ende 2011 eine gro\u00dfe Rehabilitationsklink in Bad Zwischenahn als neuen Kunden gewonnen. Hierbei hat sich die enge Zusammenarbeit mit der Allgeier BSH Solutions aus Westerstede, die eine Tochter der Allgeier IT Solutions ist, als idealer Kooperationspartner erwiesen. &#8222;BSH ist schon l\u00e4nger im Krankenhaus-Umfeld in Norddeutschland erfolgreich t\u00e4tig. Durch die enge Zusammenarbeit haben wir einen weiteren Zugangskanal zu neuen Kunden und sehen zus\u00e4tzliches Nachfragepotenzial nach radiologischen L\u00f6sungen im Bereich RIS\/PACS, Teleradiologie und im Bereich der Integrationswerkzeuge. &#8222;Um professionellen Service und schnellere Reaktionszeiten unseren Kunden gew\u00e4hrleisten zu k\u00f6nnen, ist der Schritt nach Bremen somit nur konsequent&#8220;, erg\u00e4nzt Wolfgang Schmezer.<\/p>\n","protected":false},"excerpt":{"rendered":"<p>GEMED baut seine Pr\u00e4senz in Deutschland aus und er\u00f6ffnet einen neuen Standort in Bremen. Das Unternehmen aus Ulm, das seit 2011 zur b\u00f6rsennotierten Allgeier Gruppe geh\u00f6rt, wird dadurch dem gestiegenen Kundenaufkommen im Norden Deutschlands gerecht und unterstreicht damit sein kontinuierliches Wachstum. GEMED ist bei der Bearbeitung und Archivierung medizinischer Daten  [&#8230;]<\/p>\n","protected":false},"author":2,"featured_media":0,"comment_status":"closed","ping_status":"closed","sticky":false,"template":"","format":"standard","meta":{"footnotes":""},"categories":[15],"tags":[39],"class_list":["post-2997","post","type-post","status-publish","format-standard","hentry","category-news","tag-unternehmensnachrichten"],"_links":{"self":[{"href":"https:\/\/allgeier-se.seowerk.net\/de\/wp-json\/wp\/v2\/posts\/2997","targetHints":{"allow":["GET"]}}],"collection":[{"href":"https:\/\/allgeier-se.seowerk.net\/de\/wp-json\/wp\/v2\/posts"}],"about":[{"href":"https:\/\/allgeier-se.seowerk.net\/de\/wp-json\/wp\/v2\/types\/post"}],"author":[{"embeddable":true,"href":"https:\/\/allgeier-se.seowerk.net\/de\/wp-json\/wp\/v2\/users\/2"}],"replies":[{"embeddable":true,"href":"https:\/\/allgeier-se.seowerk.net\/de\/wp-json\/wp\/v2\/comments?post=2997"}],"version-history":[{"count":1,"href":"https:\/\/allgeier-se.seowerk.net\/de\/wp-json\/wp\/v2\/posts\/2997\/revisions"}],"predecessor-version":[{"id":3285,"href":"https:\/\/allgeier-se.seowerk.net\/de\/wp-json\/wp\/v2\/posts\/2997\/revisions\/3285"}],"wp:attachment":[{"href":"https:\/\/allgeier-se.seowerk.net\/de\/wp-json\/wp\/v2\/media?parent=2997"}],"wp:term":[{"taxonomy":"category","embeddable":true,"href":"https:\/\/allgeier-se.seowerk.net\/de\/wp-json\/wp\/v2\/categories?post=2997"},{"taxonomy":"post_tag","embeddable":true,"href":"https:\/\/allgeier-se.seowerk.net\/de\/wp-json\/wp\/v2\/tags?post=2997"}],"curies":[{"name":"wp","href":"https:\/\/api.w.org\/{rel}","templated":true}]}}