{"id":1794,"date":"2006-07-18T19:21:51","date_gmt":"2006-07-18T17:21:51","guid":{"rendered":"https:\/\/allgeier-se.seowerk.net\/?p=1794"},"modified":"2025-02-11T15:21:03","modified_gmt":"2025-02-11T14:21:03","slug":"allgeier-bestaetigt-kapitalerhoehung-aus-genehmigtem-kapital","status":"publish","type":"post","link":"https:\/\/allgeier-se.seowerk.net\/de\/ad-hoc-mitteilungen\/allgeier-bestaetigt-kapitalerhoehung-aus-genehmigtem-kapital\/","title":{"rendered":"Allgeier best\u00e4tigt Kapitalerh\u00f6hung aus genehmigtem Kapital"},"content":{"rendered":"<pre><b>Allgeier Holding AG \/ Kapitalerh\u00f6hung<\/b>Ad-hoc-Meldung nach \u00a7 15 WpHG \u00fcbermittelt durch die DGAP - ein Unternehmen der EquityStory AG.F\u00fcr den Inhalt der Mitteilung ist der Emittent verantwortlich.---------------------------------------------------------------------------M\u00fcnchen, 18.07.2006 - Vorstand und Aufsichtsrat der Allgeier Holding AGhaben heute beschlossen, das Grundkapital der Gesellschaft von 4.123.750,00\u20ac um bis zu 412.000,00 \u20ac auf bis zu 4.535.750,00 \u20ac durch Ausgabe von bis zuSt\u00fcck 412.000 neuen auf den Inhaber lautende Stammaktien unter teilweiserAusnutzung des genehmigten Kapitals zu erh\u00f6hen. Der in den Beschl\u00fcssen vonVorstand und Aufsichtsrat festgesetzte Ausgabebetrag f\u00fcr die neuen Aktienbetr\u00e4gt 9,00 \u20ac je Aktie. Das gesetzliche Bezugsrecht der Aktion\u00e4re istausgeschlossen. Die Aktien werden von der VEM Aktienbank AG im Rahmen einerPrivatplatzierung an einzelne private und institutionelle Investoren sowiean Mitarbeiter und Organmitglieder der Gesellschaft platziert. NachDurchf\u00fchrung der Kapitalerh\u00f6hung wird die Anmeldung zur Eintragung in dasHandelsregister und die Zulassung der neuen Aktien zum B\u00f6rsenhandel inK\u00fcrze erfolgen.Durch die Kapitalerh\u00f6hung soll die Eigenkapitalbasis des Unternehmensgest\u00e4rkt werden und insbesondere die Finanzierung der Akquisitionsvorhaben,die die Gesellschaft bereits in der Ad-Hoc Mitteilung vom 12.07.2006angek\u00fcndigt hat, sichergestellt werden. Ferner soll durch dieKapitalerh\u00f6hung die Bewertung und das Vertrauen in das Unternehmen imKapitalmarkt gest\u00e4rkt werden.Kontakt:Carl Georg D\u00fcrschmidtVorstandAllgeier Holding AGWehrlestr. 1281679 M\u00fcnchenTel. 089-998421-0Fax  089-998421-11www.allgeier-holding.deDas UnternehmenDie Allgeier Holding AG fungiert als F\u00fchrungsholding einer europaweitagierenden Unternehmensgruppe, die sich auf zwei wachstumsstarke M\u00e4rktekonzentriert: IT-Services und Personal-Services. Mit unseren IT-Servicesunterst\u00fctzen wir Unternehmen bei der Umsetzung von Innovationen, derVerbesserung des Informationsflusses und der Optimierung vonGesch\u00e4ftsabl\u00e4ufen. Die on-demand Personal-Services helfen unseren Kunden,ihre Prozesse und Kapazit\u00e4ten flexibel an die Auftragslage anzupassen. Ende2005 besch\u00e4ftigte die Allgeier-Gruppe \u00fcber 2000 Mitarbeiter in neuneigenst\u00e4ndigen, leistungsf\u00e4higen Mittelstands-Unternehmen. Die AllgeierHolding AG hat ihren Sitz in M\u00fcnchen und ist am geregelten Markt derFrankfurter B\u00f6rse im Segment General Standard notiert (WKN 508630\/ISIN DE000508630).Wichtiger Hinweis: Diese Ad-hoc Mitteilung\/Pressemitteilung enth\u00e4lt in dieZukunft gerichtete Aussagen, die auf Annahmen und Sch\u00e4tzungen derUnternehmensleitung der Allgeier Holding AG beruhen. Auch wenn dieUnternehmensleitung der Ansicht ist, dass diese Annahmen und Sch\u00e4tzungenzutreffend sind, k\u00f6nnen die k\u00fcnftige tats\u00e4chliche Entwicklung und diek\u00fcnftigen tats\u00e4chlichen Ergebnisse von diesen Annahmen und Sch\u00e4tzungenaufgrund vielf\u00e4ltiger Faktoren erheblich abweichen. Zu diesen Faktorenk\u00f6nnen beispielsweise die Ver\u00e4nderung der gesamtwirtschaftlichen Lage, derWechselkurse, der Zinss\u00e4tze sowie Ver\u00e4nderungen innerhalb derMarktentwicklung und der sich ver\u00e4nderten Wettbewerbssituation geh\u00f6ren. DieAllgeier Holding AG \u00fcbernimmt keine Gew\u00e4hrleistung und keine Haftung daf\u00fcr,dass die k\u00fcnftige Entwicklung und die k\u00fcnftig erzielten tats\u00e4chlichenErgebnisse mit den in dieser Ad-hoc Mitteilung\/Pressemitteilung ge\u00e4u\u00dfertenAnnahmen und Sch\u00e4tzungen \u00fcbereinstimmen werden.DGAP 18.07.2006 --------------------------------------------------------------------------- Sprache:      DeutschEmittent:     Allgeier Holding AG              Wehrlestrasse 12              81679 M\u00fcnchen DeutschlandTelefon:      +49 (0)89 998 421-0Fax:          +49 (0)89 998 421-11E-mail:       info@allgeier.comWWW:          www.allgeier-holding.comISIN:         DE0005086300WKN:          508630Indizes:      CDAXB\u00f6rsen:       Geregelter Markt in Frankfurt (General Standard); Freiverkehr              in Berlin-Bremen, Stuttgart, Hamburg, D\u00fcsseldorf Ende der Mitteilung                             DGAP News-Service ---------------------------------------------------------------------------<\/pre>\n","protected":false},"excerpt":{"rendered":"<p>M\u00fcnchen, 18.07.2006 &#8211; Vorstand und Aufsichtsrat der Allgeier Holding AG haben heute beschlossen, das Grundkapital der Gesellschaft von 4.123.750,00 \u20ac um bis zu 412.000,00 \u20ac auf bis zu 4.535.750,00 \u20ac durch Ausgabe von bis zu St\u00fcck 412.000 neuen auf den Inhaber lautende Stammaktien unter teilweiser Ausnutzung<\/p>\n","protected":false},"author":2,"featured_media":0,"comment_status":"close","ping_status":"","sticky":false,"template":"","format":"standard","meta":{"footnotes":""},"categories":[14],"tags":[40],"class_list":["post-1794","post","type-post","status-publish","format-standard","hentry","category-ad-hoc-mitteilungen","tag-ad-hoc-mitteilungen"],"_links":{"self":[{"href":"https:\/\/allgeier-se.seowerk.net\/de\/wp-json\/wp\/v2\/posts\/1794","targetHints":{"allow":["GET"]}}],"collection":[{"href":"https:\/\/allgeier-se.seowerk.net\/de\/wp-json\/wp\/v2\/posts"}],"about":[{"href":"https:\/\/allgeier-se.seowerk.net\/de\/wp-json\/wp\/v2\/types\/post"}],"author":[{"embeddable":true,"href":"https:\/\/allgeier-se.seowerk.net\/de\/wp-json\/wp\/v2\/users\/2"}],"replies":[{"embeddable":true,"href":"https:\/\/allgeier-se.seowerk.net\/de\/wp-json\/wp\/v2\/comments?post=1794"}],"version-history":[{"count":1,"href":"https:\/\/allgeier-se.seowerk.net\/de\/wp-json\/wp\/v2\/posts\/1794\/revisions"}],"predecessor-version":[{"id":1797,"href":"https:\/\/allgeier-se.seowerk.net\/de\/wp-json\/wp\/v2\/posts\/1794\/revisions\/1797"}],"wp:attachment":[{"href":"https:\/\/allgeier-se.seowerk.net\/de\/wp-json\/wp\/v2\/media?parent=1794"}],"wp:term":[{"taxonomy":"category","embeddable":true,"href":"https:\/\/allgeier-se.seowerk.net\/de\/wp-json\/wp\/v2\/categories?post=1794"},{"taxonomy":"post_tag","embeddable":true,"href":"https:\/\/allgeier-se.seowerk.net\/de\/wp-json\/wp\/v2\/tags?post=1794"}],"curies":[{"name":"wp","href":"https:\/\/api.w.org\/{rel}","templated":true}]}}