{"id":1241,"date":"2018-11-05T17:38:29","date_gmt":"2018-11-05T16:38:29","guid":{"rendered":"https:\/\/allgeier-se.seowerk.net\/?p=1241"},"modified":"2025-02-11T15:21:01","modified_gmt":"2025-02-11T14:21:01","slug":"allgeier-se-umsatz-und-ergebnis-in-den-ersten-neun-monaten-2018-deutlich-ueber-vorjahr","status":"publish","type":"post","link":"https:\/\/allgeier-se.seowerk.net\/de\/ad-hoc-mitteilungen\/allgeier-se-umsatz-und-ergebnis-in-den-ersten-neun-monaten-2018-deutlich-ueber-vorjahr\/","title":{"rendered":"Allgeier SE: Umsatz und Ergebnis in den ersten neun Monaten 2018 deutlich \u00fcber Vorjahr"},"content":{"rendered":"<div class=\"break-word news_main\">\n<p><i>M\u00fcnchen, 05. November 2018 &#8211;<\/i> Allgeier SE (ISIN DE000A2GS633, WKN A2GS63) erzielt in den ersten neun Monaten 2018 (01. Januar 2018 &#8211; 30. September 2018) gem\u00e4\u00df vorl\u00e4ufiger Zahlen im fortgef\u00fchrten Gesch\u00e4ft ein deutliches Wachstum in Umsatz und Ergebnis.<br \/>\u00a0<\/p>\n<p>Gesch\u00e4ftsentwicklung in den ersten neun Monaten 2018<\/p>\n<p>Der Konzernzumsatz des fortgef\u00fchrten Gesch\u00e4fts stieg in den ersten neun Monaten 2018 gegen\u00fcber dem entsprechenden Zeitraum des Jahres 2017 gem\u00e4\u00df vorl\u00e4ufiger Zahlen um knapp 20 Prozent auf 503,2 Mio. Euro (fortgef\u00fchrtes Gesch\u00e4ft des Vorjahres: 420,0 Mio. Euro). Die vorl\u00e4ufige Wertsch\u00f6pfung (Gesamtleistung abz\u00fcglich produktive Personalkosten und bezogene Leistungen) stieg um 27 Prozent auf 140,1 Mio. Euro (Vorjahr: 110,0 Mio. Euro), was einer Rohmarge von 27,8 Prozent entspricht (Vorjahr: 26,2 Prozent).<br \/>\u00a0<\/p>\n<p>Das vorl\u00e4ufige bereinigte Konzern-EBITDA der Periode legte um 64 Prozent auf 32,4 Mio. Euro zu (Vorjahr: 19,7 Mio. Euro), was einer bereinigten EBITDA-Marge von 6,4 Prozent entspricht (Vorjahr: 4,7 Prozent). In dieser Zahl sind zu Zwecken der Vergleichbarkeit der Jahre und der transparenten Darstellung der operativen Ertragskraft au\u00dferordentliche und periodenfremde Aufwendungen von 6,3 Mio. Euro bereinigt; im Vergleichszeitraum des Vorjahres hatten sich die entsprechenden au\u00dferordentlichen Effekte dagegen zu einem Ertrag von 0,2 Mio. Euro saldiert. Die au\u00dferordentlichen Effekte des Jahres 2018 betreffen vor allem au\u00dferordentliche Kosten aus Restrukturierung in den Segmenten Enterprise Services und Experts sowie im Segmenten Technology aus den umfassenden Akquisitionsaktivit\u00e4ten.<br \/>\u00a0<\/p>\n<p>Das vorl\u00e4ufige Konzern-EBITDA des fortgef\u00fchrten Gesch\u00e4fts stieg unter Einbeziehung der au\u00dferordentlichen Effekte um 32 Prozent auf 26,1 Mio. Euro (Vorjahr: 19,8 Mio. Euro). Das vorl\u00e4ufige Konzern-EBIT des fortgef\u00fchrten Gesch\u00e4fts betrug 16,9 Mio. Euro (Vorjahr: 10,7 Mio. Euro) und stieg damit um 58 Prozent.<br \/>\u00a0<\/p>\n<p>Zus\u00e4tzlich erzielte der Konzern im ersten Quartal wie berichtet einen Gewinn vor Steuern von insgesamt 1,9 Mio. Euro aus der Ende M\u00e4rz 2018 erfolgten Ver\u00e4u\u00dferung der Allgeier Medical IT GmbH, Freiburg. Das Ergebnis aus Ver\u00e4u\u00dferung wird im aufgegebenen Gesch\u00e4ftsbereich ausgewiesen.<br \/>\u00a0<\/p>\n<p>Im Juni 2018 hat Allgeier 100 Prozent der Gesch\u00e4ftsanteile der Objectiva Software Solutions, Inc. mit Sitz in San Diego, Kalifornien, USA, erworben. Die Gesellschaft wird zeitanteilig ab Juli 2018 im Konzern konsolidiert. Der in den oben dargestellten Zahlen enthaltene zeitanteilige Beitrag im dritten Quartal 2018 betrug gem\u00e4\u00df vorl\u00e4ufiger Zahlen 5 Mio. Euro im Umsatz und 0,68 Mio. Euro im EBITDA.<br \/>\u00a0<\/p>\n<p>Im August 2018 hat Allgeier einen Kaufvertrag zum Erwerb von rund 67 Prozent der Gesch\u00e4ftsanteile der iQuest Group abgeschlossen. Das internationale Softwareunternehmen verf\u00fcgt \u00fcber 700 hochqualifizierte Softwarespezialisten an Entwicklungszentren in Rum\u00e4nien sowie an weiteren Standorten in Deutschland, der Schweiz und in Polen. Das Closing einschlie\u00dflich der Kaufpreiszahlung ist im September 2018 erfolgt. Die Bilanz der iQuest Group ist zum Stichtag 30. September 2018 in der Allgeier Konzernbilanz enthalten. Die Einbeziehung der Gewinn- und Verlustrechnung in den Allgeier Konzern erfolgt erst ab 01. Oktober 2018, so dass dem im September 2018 abgeflossenen Kaufpreis in den Neun-Monats-Zahlen noch kein Umsatz- und Ergebnisbeitrag gegen\u00fcber steht. Die iQuest Group hat in den ersten neun Monaten 2018 einen Umsatz von 25,5 Mio. Euro und ein EBITDA von ca. 3 Mio. Euro erzielt.<br \/>\u00a0<\/p>\n<p>Gesch\u00e4ftsentwicklung im dritten Quartal 2018<\/p>\n<p>Im dritten Quartal 2018 (01. Juli 2018 &#8211; 30. September 2018) verzeichnete der Konzern im fortgef\u00fchrten Gesch\u00e4ft einen Anstieg des Umsatzes gegen\u00fcber dem Vergleichszeitraum des Vorjahres um 20 Prozent auf 175,6 Mio. Euro (fortgef\u00fchrtes Gesch\u00e4ft des Vorjahres: 146,4 Mio. Euro) gem\u00e4\u00df vorl\u00e4ufiger Zahlen. Die vorl\u00e4ufige Wertsch\u00f6pfung (Gesamtleistung abz\u00fcglich produktive Personalkosten und bezogene Leistungen) stieg um 24 Prozent auf 50,1 Mio. Euro (Vorjahr: 40,3 Mio. Euro), was einer Rohmarge von 28,5 Prozent entspricht (Vorjahr: 27,6 Prozent).<br \/>\u00a0<\/p>\n<p>Das um au\u00dferordentliche oder periodenfremde Effekte bereinigte vorl\u00e4ufige Konzern-EBITDA lag mit 12,3 Mio. Euro um 18 Prozent \u00fcber dem Vorjahresergebnis (Vorjahr: 10,4 Mio. Euro), was einer bereinigten EBITDA-Marge von 7,0 Prozent entspricht (Vorjahr: 7,1 Prozent). Die bereinigten au\u00dferordentlichen und periodenfremden Effekte betrugen im dritten Quartal 2018 in Summe ca. minus 2,6 Mio. Euro (Vorjahr: minus 0,4 Mio. Euro). Wesentliche Gr\u00fcnde f\u00fcr die h\u00f6heren au\u00dferordentlichen Effekte gegen\u00fcber dem Vorjahr sind, dass zum einen im dritten Quartal 2017 au\u00dferordentliche Ertr\u00e4ge aus W\u00e4hrungssicherung im Segment Technology in der Gr\u00f6\u00dfenordnung von 1,1 Mio. Euro angefallen waren, die im dritten Quartal 2018 nicht entsprechend angefallen sind. Zudem fielen im dritten Quartal 2018 au\u00dferordentliche Kosten f\u00fcr ausgeschiedene Personen im Segment Experts in der Gr\u00f6\u00dfenordnung von 0,9 Mio. Euro an.<br \/>\u00a0<\/p>\n<p>Unter Einbeziehung der au\u00dferordentlichen und periodenfremden Effekte betrug das vorl\u00e4ufige Konzern-EBITDA des dritten Quartals 9,7 Mio. Euro (Vorjahr: 9,9 Mio. Euro). Das vorl\u00e4ufige Konzern-EBIT (Ergebnis vor Zinsen und Steuern) lag im selben Zeitraum bei 6,5 Mio. Euro (Vorjahr: 6,9 Mio. Euro).<br \/>\u00a0<\/p>\n<p>Eckdaten der Bilanz zum 30. September 2018<\/p>\n<p>Das vorl\u00e4ufige Konzerneigenkapital betrug zum Bilanzstichtag 30. September 2018 130,7 Mio. Euro (31. Dezember 2017: 122,8 Mio. Euro). Die vorl\u00e4ufigen liquiden Mittel betrugen 64,9 Mio. Euro (31. Dezember 2017: 53,0 Mio. Euro). Die Finanzschulden stiegen aufgrund der Ziehung von Mitteln aus der langfristigen Kreditlinie zum Stichtag 30. September 2018 gem\u00e4\u00df vorl\u00e4ufiger Zahlen auf 170,6 Mio. Euro an (31. Dezember 2017: 109 Mio. Euro).<br \/>Die vorl\u00e4ufige Bilanzsumme erh\u00f6hte sich wesentlich beeinflusst durch die erfolgten Akquisitionen zum Ende des dritten Quartals 2018 auf 454,7 Mio. Euro (31. Dezember 2017: 337,9 Mio. Euro).<br \/>\u00a0<\/p>\n<p>Ausblick auf das vierte Quartal 2018<\/p>\n<p>Der Vorstand erwartet f\u00fcr das letzte Quartal 2018 anhaltendes Wachstum in Umsatz und Ergebnis. Der Umsatz im fortgef\u00fchrten Gesch\u00e4ft soll einschlie\u00dflich der Konsolidierung der Objectiva Software Solutions und der iQuest Group im vierten Quartal 2018 gem\u00e4\u00df der Konzernplanung um etwa 25 Prozent gegen\u00fcber dem Vergleichszeitraum des Vorjahres steigen.<br \/>\u00a0<\/p>\n<p>Hinweis<\/p>\n<p>Alle genannten IFRS-Zahlen sind vorl\u00e4ufig. Alle Angaben beziehen sich auf das fortgef\u00fchrte Gesch\u00e4ft. Die freiwillige Zwischenformation der Allgeier SE zum 30. September 2018 wird am 14. November 2018 ver\u00f6ffentlicht und ist dann unter www.allgeier.com einzusehen.<br \/>\u00a0<\/p>\n<p>Kontakt:<\/p>\n<p>Allgeier SE<br \/>Corporate Communications &amp; Investor Relations<br \/>Dr. Christopher Gro\u00dfe<br \/>Wehrlestra\u00dfe 12<br \/>81679 M\u00fcnchen<br \/>Tel.: +49 (0)89\/998421-0<br \/>Fax: +49 (0)89\/998421-11<br \/>E-Mail: ir@allgeier.com<br \/>Web: www.allgeier.com<br \/>\u00a0<\/p>\n<p>Allgeier SE ist eines der f\u00fchrenden IT-Unternehmen f\u00fcr digitale Transformation: Mit einer auf Innovationen und Zukunftstrends ausgerichteten Wachstumsstrategie sowie einem integrativen unternehmerischen Modell ergreift Allgeier die Chancen der Digitalisierung. Vier Segmente mit individuellen fachlichen und branchenbezogenen Schwerpunkten arbeiten gemeinsam f\u00fcr rund 3.000 Kunden aus nahezu allen Branchen. Mit rund 9.000 angestellten Mitarbeitern und mehr als 1.300 freiberuflichen Experten bietet Allgeier den Kunden als One-Stop-Shop ein umfassendes L\u00f6sungs- und Leistungsportfolio. Allgeier bildet mit einem hochflexiblen Delivery-Modell das komplette IT-Leistungsspektrum von Onsite \u00fcber Nearshore bis hin zu Offshore ab: Mit starken Standbeinen in Indien und China werden Flexibilit\u00e4t und h\u00f6chste Skalierbarkeit der Leistungen sowie hochqualifiziertes Expertenwissen in der High-End-Softwareentwicklung sichergestellt. Zu den Kunden von Allgeier z\u00e4hlen global arbeitende Konzerne genauso wie innovative mittelst\u00e4ndische Betriebe, die sich durch leistungsstarke IT-L\u00f6sungen, intelligente Software und flexible Personaldienstleistungen strategische Vorteile sichern wollen. Die stark wachsende Gruppe mit Hauptsitz in M\u00fcnchen verf\u00fcgt \u00fcber rund 140 Niederlassungen in der DACH-Region, in elf weiteren europ\u00e4ischen L\u00e4ndern sowie in Indien, China, Singapur, Vietnam, Malaysia, Japan, den Vereinigten Arabischen Emiraten, S\u00fcdafrika, Australien, Mexiko und in den USA. Im Gesch\u00e4ftsjahr 2017 erzielte Allgeier im fortgef\u00fchrten Gesch\u00e4ft einen Konzernumsatz von 574 Mio. Euro. Allgeier SE z\u00e4hlt gem\u00e4\u00df L\u00fcnendonk(R)-Liste 2018 zu den zehn f\u00fchrenden IT-Beratungs- und Systemintegrations-Unternehmen in Deutschland. Allgeier Experts ist nach L\u00fcnendonk(R)-Marktsegmentstudie 2018 &#8222;Der Markt f\u00fcr Rekrutierung, Vermittlung und Steuerung von IT-Freelancern in Deutschland&#8220; unter den TOP 3 IT-Personaldienstleistern in Deutschland. Allgeier SE ist am Regulierten Markt der Frankfurter Wertpapierb\u00f6rse im General Standard gelistet (WKN A2GS63, ISIN DE000A2GS633). Weitere Informationen unter: www.allgeier.com.<\/p>\n<p>\u00a0<\/p><\/div>\n","protected":false},"excerpt":{"rendered":"<p>ALLGEIER SE \/ Schlagwort(e): 9-Monatszahlen Allgeier SE: Umsatz und Ergebnis in den ersten neun Monaten 2018 deutlich \u00fcber Vorjahr 05.11.2018 \/ 17:38 CET\/CEST Ver\u00f6ffentlichung einer Insiderinformationen nach Artikel 17 der Verordnung (EU) Nr. 596\/2014, \u00fcbermittelt durch DGAP &#8211; ein Service der EQS Group<\/p>\n","protected":false},"author":2,"featured_media":0,"comment_status":"close","ping_status":"","sticky":false,"template":"","format":"standard","meta":{"footnotes":""},"categories":[14],"tags":[40],"class_list":["post-1241","post","type-post","status-publish","format-standard","hentry","category-ad-hoc-mitteilungen","tag-ad-hoc-mitteilungen"],"_links":{"self":[{"href":"https:\/\/allgeier-se.seowerk.net\/de\/wp-json\/wp\/v2\/posts\/1241","targetHints":{"allow":["GET"]}}],"collection":[{"href":"https:\/\/allgeier-se.seowerk.net\/de\/wp-json\/wp\/v2\/posts"}],"about":[{"href":"https:\/\/allgeier-se.seowerk.net\/de\/wp-json\/wp\/v2\/types\/post"}],"author":[{"embeddable":true,"href":"https:\/\/allgeier-se.seowerk.net\/de\/wp-json\/wp\/v2\/users\/2"}],"replies":[{"embeddable":true,"href":"https:\/\/allgeier-se.seowerk.net\/de\/wp-json\/wp\/v2\/comments?post=1241"}],"version-history":[{"count":1,"href":"https:\/\/allgeier-se.seowerk.net\/de\/wp-json\/wp\/v2\/posts\/1241\/revisions"}],"predecessor-version":[{"id":1244,"href":"https:\/\/allgeier-se.seowerk.net\/de\/wp-json\/wp\/v2\/posts\/1241\/revisions\/1244"}],"wp:attachment":[{"href":"https:\/\/allgeier-se.seowerk.net\/de\/wp-json\/wp\/v2\/media?parent=1241"}],"wp:term":[{"taxonomy":"category","embeddable":true,"href":"https:\/\/allgeier-se.seowerk.net\/de\/wp-json\/wp\/v2\/categories?post=1241"},{"taxonomy":"post_tag","embeddable":true,"href":"https:\/\/allgeier-se.seowerk.net\/de\/wp-json\/wp\/v2\/tags?post=1241"}],"curies":[{"name":"wp","href":"https:\/\/api.w.org\/{rel}","templated":true}]}}