{"id":1207,"date":"2019-05-07T17:12:42","date_gmt":"2019-05-07T15:12:42","guid":{"rendered":"https:\/\/allgeier-se.seowerk.net\/?p=1207"},"modified":"2025-02-11T15:21:01","modified_gmt":"2025-02-11T14:21:01","slug":"allgeier-se-allgeier-erzielt-im-ersten-quartal-2019-anhaltendes-umsatz-und-ergebniswachstum-und-beabsichtigt-kapitalerhoehung-zur-finanzierung-weiterer-wachstumsinvestitionen","status":"publish","type":"post","link":"https:\/\/allgeier-se.seowerk.net\/de\/ad-hoc-mitteilungen\/allgeier-se-allgeier-erzielt-im-ersten-quartal-2019-anhaltendes-umsatz-und-ergebniswachstum-und-beabsichtigt-kapitalerhoehung-zur-finanzierung-weiterer-wachstumsinvestitionen\/","title":{"rendered":"Allgeier SE: Allgeier erzielt im ersten Quartal 2019 anhaltendes Umsatz- und Ergebniswachstum und beabsichtigt Kapitalerh\u00f6hung zur Finanzierung weiterer Wachstumsinvestitionen"},"content":{"rendered":"<div class=\"break-word news_main\">\n<p><i>M\u00fcnchen, 07.05.2019 &#8211;<\/i> Allgeier SE (ISIN DE000A2GS633, WKN A2GS63) erzielt gem\u00e4\u00df vorl\u00e4ufiger Zahlen im ersten Quartal 2019 (01. Januar 2019 &#8211; 31. M\u00e4rz 2019) weiteres deutliches Wachstum in Umsatz und Ergebnis entsprechend der Planung f\u00fcr 2019.<br \/>\u00a0<\/p>\n<p><strong>Umsatz- und Ergebnisentwicklung im ersten Quartal 2019<\/strong><\/p>\n<p>Im ersten Quartal 2019 (01. Januar 2019 bis 31. M\u00e4rz 2019) steigerte der Allgeier Konzern die Gesamtleistung um 22 Prozent auf 189,7 Mio. Euro (fortgef\u00fchrtes Gesch\u00e4ft des Vorjahres: 155,2 Mio. Euro). Das bereinigte Konzern-EBITDA (EBITDA vor Effekten, die betriebswirtschaftlich als au\u00dferordentlich oder periodenfremd qualifiziert werden) der ersten drei Monate 2019 stieg um 34 Prozent auf 14,0 Mio. Euro (Vorjahr: 10,5 Mio. Euro). Das EBITDA der Periode lag bei 13,4 Mio. Euro (Vorjahr: 9,5 Mio. Euro), entsprechend einer Steigerung um 41 Prozent. Der Konzern erzielte damit im ersten Quartal 2019 ein EBIT von 5,8 Mio. Euro (Vorjahr: 4,1 Mio. Euro), was einer Steigerung von ebenfalls 41 Prozent gegen\u00fcber dem Vergleichszeitraum des Vorjahres entspricht.<br \/>\u00a0<\/p>\n<p>Im ersten Quartal 2019 wurde der ab dem 01. Januar 2019 verpflichtend nach IFRS anzuwendende Standard zur Bilanzierung der Miet- und Leasingvertr\u00e4ge umgesetzt (IFRS 16). Diese Bilanzierungs\u00e4nderung bewirkte im ersten Quartal 2019 eine Erh\u00f6hung des EBITDA um 3,9 Mio. Euro; das Vorjahresquartal ist um 2,9 Mio. Euro erh\u00f6ht. Beim EBIT des ersten Quartals 2019 bewirkt die Bilanzierungs\u00e4nderung noch eine Erh\u00f6hung von 0,3 Mio. Euro (das Vorjahresquartal wurde entsprechend um 0,2 Mio. Euro nach oben angepasst). Der Allgeier Konzern nimmt die Umstellung nach der retrograden Methode vor, womit die Vorjahreszahlen an die Berichterstattung des ersten Quartals 2019 angepasst wurden, um eine Vergleichbarkeit der Zahlen zu gew\u00e4hrleisten. Die Auswirkungen aus der Anwendung des IFRS 16 betreffen neben den Effekten in der Gewinn- und Verlustrechnung auch den Bilanzausweis aufgrund der Aktivierung der Miet- und Leasingvertr\u00e4ge mit ihren Nutzwerten und der Passivierung der zuk\u00fcnftigen Zahlungen \u00fcber die voraussichtliche Nutzungsdauer.<br \/>\u00a0<\/p>\n<table class=\"news_layout_data_tabel news_layout_data_table\" cellspacing=\"0\" cellpadding=\"0\" border=\"0\">\n<tbody>\n<tr>\n<td align=\"left\" valign=\"top\"><b>Fortgef\u00fchrtes Gesch\u00e4ft in Tsd. EUR<\/b><\/td>\n<td align=\"right\" valign=\"top\"><b>Q1-2019<\/b><\/td>\n<td align=\"right\" valign=\"top\"><b>Q1-2018 <\/b><\/td>\n<td align=\"right\" valign=\"top\"><b>Abweichung in %<\/b><\/td>\n<\/tr>\n<tr>\n<td align=\"left\" valign=\"top\"><b>Gesamtleistung<\/b><\/td>\n<td align=\"right\" valign=\"top\"><b>189.860<\/b><\/td>\n<td align=\"right\" valign=\"top\"><b>155.239<\/b><\/td>\n<td align=\"right\" valign=\"top\"><b>122%<\/b><\/td>\n<\/tr>\n<tr>\n<td align=\"left\" valign=\"top\">EBITDA bereinigt (ohne IFRS 16)<\/td>\n<td align=\"right\" valign=\"top\">10.195<\/td>\n<td align=\"right\" valign=\"top\">7.613<\/td>\n<td align=\"right\" valign=\"top\">134%<\/td>\n<\/tr>\n<tr>\n<td align=\"left\" valign=\"top\">EBITDA \u00c4nderungen gem. IFRS 16<\/td>\n<td align=\"right\" valign=\"top\">3.864<\/td>\n<td align=\"right\" valign=\"top\">2.865<\/td>\n<td align=\"right\" valign=\"top\">135%<\/td>\n<\/tr>\n<tr>\n<td align=\"left\" valign=\"top\"><b>EBITDA bereinigt (gem. IFRS 16)<\/b><\/td>\n<td align=\"right\" valign=\"top\"><b>14.059<\/b><\/td>\n<td align=\"right\" valign=\"top\"><b>10.478<\/b><\/td>\n<td align=\"right\" valign=\"top\"><b>134%<\/b><\/td>\n<\/tr>\n<tr>\n<td align=\"left\" valign=\"top\">Au\u00dferordentliche und periodenfremde Effekte<\/td>\n<td align=\"right\" valign=\"top\">-663<\/td>\n<td align=\"right\" valign=\"top\">-950<\/td>\n<td align=\"right\" valign=\"top\">\u00a0<\/td>\n<\/tr>\n<tr>\n<td align=\"left\" valign=\"top\">EBITDA (ohne IFRS 16)<\/td>\n<td align=\"right\" valign=\"top\">9.532<\/td>\n<td align=\"right\" valign=\"top\">6.663<\/td>\n<td align=\"right\" valign=\"top\">143%<\/td>\n<\/tr>\n<tr>\n<td align=\"left\" valign=\"top\">EBITDA \u00c4nderungen gem. IFRS 16<\/td>\n<td align=\"right\" valign=\"top\">3.864<\/td>\n<td align=\"right\" valign=\"top\">2.865<\/td>\n<td align=\"right\" valign=\"top\">135%<\/td>\n<\/tr>\n<tr>\n<td align=\"left\" valign=\"top\"><b>EBITDA (gem. IFRS)<\/b><\/td>\n<td align=\"right\" valign=\"top\"><b>13.396<\/b><\/td>\n<td align=\"right\" valign=\"top\"><b>9.528<\/b><\/td>\n<td align=\"right\" valign=\"top\"><b>141%<\/b><\/td>\n<\/tr>\n<tr>\n<td align=\"left\" valign=\"top\">EBIT (ohne IFRS 16)<\/td>\n<td align=\"right\" valign=\"top\">5.441<\/td>\n<td align=\"right\" valign=\"top\">3.837<\/td>\n<td align=\"right\" valign=\"top\">142%<\/td>\n<\/tr>\n<tr>\n<td align=\"left\" valign=\"top\">EBIT \u00c4nderungen gem. IFRS 16<\/td>\n<td align=\"right\" valign=\"top\">326<\/td>\n<td align=\"right\" valign=\"top\">246<\/td>\n<td align=\"right\" valign=\"top\">132%<\/td>\n<\/tr>\n<tr>\n<td align=\"left\" valign=\"top\"><b>EBIT (gem. IFRS 16)<\/b><\/td>\n<td align=\"right\" valign=\"top\"><b>5.767<\/b><\/td>\n<td align=\"right\" valign=\"top\"><b>4.083<\/b><\/td>\n<td align=\"right\" valign=\"top\"><b>141%<\/b><\/td>\n<\/tr>\n<\/tbody>\n<\/table>\n<p>\u00a0<\/p>\n<p><strong>Eckdaten der Bilanz zum 31. M\u00e4rz 2019<\/strong><\/p>\n<p>Dem Allgeier Konzern standen zum Ende des ersten Quartals 2019 liquide Mittel in H\u00f6he von 71,7 Mio. Euro zur Verf\u00fcgung (31. Dezember 2018: 77,0 Mio. Euro). Die Finanzschulden blieben zum Bilanzstichtag mit 181,8 Mio. Euro unver\u00e4ndert (31. Dezember 2018: 181,7 Mio. Euro), davon 158,4 Mio. Euro langfristige Finanzschulden (31. Dezember 2018: 150,3 Mio. Euro).<br \/>\u00a0<\/p>\n<p><strong>Hinweise zu den Angaben zum 31. M\u00e4rz 2019<\/strong><\/p>\n<p>Alle genannten Zahlen des ersten Quartals 2019 sind gem\u00e4\u00df IFRS ermittelt und nicht auditiert.<br \/>Eine freiwillige Zwischeninformation zum 31. M\u00e4rz 2019 der Allgeier SE wird am 31. Mai 2019 ver\u00f6ffentlicht und ist dann unter www.allgeier.com einzusehen.<br \/>\u00a0<\/p>\n<p><strong>Allgeier beabsichtigt Kapitalerh\u00f6hung zur Finanzierung weiterer Wachstumsinvestitionen<\/strong><\/p>\n<p>Allgeier hat das strategische Ziel, den deutlichen Ausbau insbesondere des Gesch\u00e4ftsbereichs Technology mit seiner globalen Pr\u00e4senz kontinuierlich fortzusetzen. Der Markt f\u00fcr Softwareentwicklung und Digitalisierung konsolidiert sich weltweit und entwickelt sich sehr rasch technologisch weiter. Allgeier hat bereits einen profunden Footprint in Bereichen wie Softwareentwicklung, k\u00fcnstliche Intelligenz oder Cloud-Services und pflegt eine gut gef\u00fcllte M&amp;A-Pipeline mit Unternehmen dieser Art. Vor diesem Hintergrund pr\u00fcft Allgeier anhaltend die M\u00f6glichkeiten zur deutlichen Ausweitung des finanziellen Spielraums. Dazu geh\u00f6ren die Optimierung und Ausweitung des Fremdfinanzierungsrahmens und die Durchf\u00fchrung einer Kapitalerh\u00f6hung um bis zu 10% des Grundkapitals unter Ausschluss des Bezugsrechts. Diese soll noch vor der ordentlichen Hauptversammlung am 28. Juni 2019 unter Ausnutzung des genehmigten Kapitals der Gesellschaft in Form einer Barkapitalerh\u00f6hung erfolgen. Die Beschlussfassung \u00fcber die beabsichtigte Kapitalerh\u00f6hung und die anschlie\u00dfende Durchf\u00fchrung der Kapitalerh\u00f6hung wird die Allgeier SE in separaten Ad-hoc-Mitteilungen bekanntgeben.<\/p>\n<p>Kontakt:<\/p>\n<p>Allgeier SE<\/p>\n<p>Corporate Communications &amp; Investor Relations<br \/>Dr. Christopher Gro\u00dfe<br \/>Wehrlestra\u00dfe 12<br \/>81679 M\u00fcnchen<br \/>Tel.: +49 (0)89\/998421-0<br \/>Fax: +49 (0)89\/998421-11<br \/>E-Mail: ir@allgeier.com<br \/>Web: www.allgeier.com<\/p>\n<p>Allgeier SE ist eines der f\u00fchrenden IT-Unternehmen f\u00fcr digitale Transformation: Mit einer auf Innovationen und Zukunftstrends ausgerichteten Wachstumsstrategie sowie einem integrativen unternehmerischen Modell ergreift Allgeier die Chancen der Digitalisierung. Vier Segmente mit individuellen fachlichen und branchenbezogenen Schwerpunkten arbeiten gemeinsam f\u00fcr rund 3.000 Kunden aus nahezu allen Branchen. Mit \u00fcber 9.600 angestellten Mitarbeitern und mehr als 1.300 freiberuflichen Experten bietet Allgeier den Kunden als One-Stop-Shop ein umfassendes L\u00f6sungs- und Leistungsportfolio. Allgeier bildet mit einem hochflexiblen Delivery-Modell das komplette IT-Leistungsspektrum von Onsite \u00fcber Nearshore bis hin zu Offshore ab: Mit starken Standbeinen in Indien, China, Vietnam und Osteuropa werden Flexibilit\u00e4t und h\u00f6chste Skalierbarkeit der Leistungen sowie hochqualifiziertes Expertenwissen in der High-End-Softwareentwicklung sichergestellt. Zu den Kunden von Allgeier z\u00e4hlen global arbeitende Konzerne ebenso wie innovative mittelst\u00e4ndische Betriebe, die sich durch leistungsstarke IT-L\u00f6sungen, intelligente Software und flexible Personaldienstleistungen strategische Vorteile sichern wollen. Die stark wachsende Gruppe mit Hauptsitz in M\u00fcnchen verf\u00fcgt \u00fcber weltweit mehr als 140 Niederlassungen in vierzehn europ\u00e4ischen L\u00e4ndern sowie in Indien, China, Singapur, Vietnam, Thailand, Malaysia, Japan, den Vereinigten Arabischen Emiraten, S\u00fcdafrika, Mauritius, Australien, Mexiko, Kanada und in den USA. Im Gesch\u00e4ftsjahr 2018 erzielte Allgeier im fortgef\u00fchrten Gesch\u00e4ft einen Umsatz von 687 Mio. Euro. Allgeier SE z\u00e4hlt gem\u00e4\u00df L\u00fcnendonk(R)-Liste 2018 zu den zehn f\u00fchrenden IT-Beratungs- und Systemintegrations-Unternehmen in Deutschland. Allgeier Experts ist nach L\u00fcnendonk(R)-Marktsegmentstudie 2018 &#8222;Der Markt f\u00fcr Rekrutierung, Vermittlung und Steuerung von IT-Freelancern in Deutschland&#8220; unter den TOP 3 IT-Personaldienstleistern in Deutschland. Allgeier SE ist am Regulierten Markt der Frankfurter Wertpapierb\u00f6rse im General Standard gelistet (WKN A2GS63, ISIN DE000A2GS633). Weitere Informationen unter: www.allgeier.com.<\/p>\n<\/div>\n","protected":false},"excerpt":{"rendered":"<p>ALLGEIER SE \/ Schlagwort(e): Quartals-\/Zwischenmitteilung\/Kapitalerh\u00f6hung Allgeier SE: Allgeier erzielt im ersten Quartal 2019 anhaltendes Umsatz- und Ergebniswachstum und beabsichtigt Kapitalerh\u00f6hung zur Finanzierung weiterer Wachstumsinvestitionen 07.05.2019 \/ 17:12 CET\/CEST Ver\u00f6ffentlichung einer<\/p>\n","protected":false},"author":2,"featured_media":0,"comment_status":"close","ping_status":"","sticky":false,"template":"","format":"standard","meta":{"footnotes":""},"categories":[14],"tags":[40],"class_list":["post-1207","post","type-post","status-publish","format-standard","hentry","category-ad-hoc-mitteilungen","tag-ad-hoc-mitteilungen"],"_links":{"self":[{"href":"https:\/\/allgeier-se.seowerk.net\/de\/wp-json\/wp\/v2\/posts\/1207","targetHints":{"allow":["GET"]}}],"collection":[{"href":"https:\/\/allgeier-se.seowerk.net\/de\/wp-json\/wp\/v2\/posts"}],"about":[{"href":"https:\/\/allgeier-se.seowerk.net\/de\/wp-json\/wp\/v2\/types\/post"}],"author":[{"embeddable":true,"href":"https:\/\/allgeier-se.seowerk.net\/de\/wp-json\/wp\/v2\/users\/2"}],"replies":[{"embeddable":true,"href":"https:\/\/allgeier-se.seowerk.net\/de\/wp-json\/wp\/v2\/comments?post=1207"}],"version-history":[{"count":1,"href":"https:\/\/allgeier-se.seowerk.net\/de\/wp-json\/wp\/v2\/posts\/1207\/revisions"}],"predecessor-version":[{"id":1210,"href":"https:\/\/allgeier-se.seowerk.net\/de\/wp-json\/wp\/v2\/posts\/1207\/revisions\/1210"}],"wp:attachment":[{"href":"https:\/\/allgeier-se.seowerk.net\/de\/wp-json\/wp\/v2\/media?parent=1207"}],"wp:term":[{"taxonomy":"category","embeddable":true,"href":"https:\/\/allgeier-se.seowerk.net\/de\/wp-json\/wp\/v2\/categories?post=1207"},{"taxonomy":"post_tag","embeddable":true,"href":"https:\/\/allgeier-se.seowerk.net\/de\/wp-json\/wp\/v2\/tags?post=1207"}],"curies":[{"name":"wp","href":"https:\/\/api.w.org\/{rel}","templated":true}]}}