{"id":1199,"date":"2019-06-13T21:44:22","date_gmt":"2019-06-13T19:44:22","guid":{"rendered":"https:\/\/allgeier-se.seowerk.net\/?p=1199"},"modified":"2025-02-11T15:21:01","modified_gmt":"2025-02-11T14:21:01","slug":"allgeier-schliesst-kapitalerhoehung-erfolgreich-ab","status":"publish","type":"post","link":"https:\/\/allgeier-se.seowerk.net\/de\/ad-hoc-mitteilungen\/allgeier-schliesst-kapitalerhoehung-erfolgreich-ab\/","title":{"rendered":"Allgeier schlie\u00dft Kapitalerh\u00f6hung erfolgreich ab"},"content":{"rendered":"<div class=\"break-word news_main\">\n<p><i>M\u00fcnchen, 13.06.2019 &#8211; <\/i>Die Allgeier SE (ISIN DE000A2GS633, WKN A2GS63) hat ihre Kapitalerh\u00f6hung entsprechend der Ank\u00fcndigung vom 13. Juni 2019 erfolgreich abgeschlossen.<br \/>\u00a0<\/p>\n<p>Die Gesellschaft hat ihr Grundkapital durch die teilweise Ausnutzung des Genehmigten Kapitals 2018 von EUR 10.088.649,00 um EUR 997.864,00 auf EUR 11.086.513,00 durch Ausgabe von insgesamt 997.864 auf den Namen lautenden St\u00fcckaktien gegen Bareinlage unter Ausschluss des gesetzlichen Bezugsrechts der Aktion\u00e4re erh\u00f6ht. Die neuen Aktien sind ab dem 01. Januar 2019 gewinnberechtigt.<br \/>\u00a0<\/p>\n<p>Der vom Vorstand der Gesellschaft mit Zustimmung des Aufsichtsrates festgelegte Platzierungspreis betrug EUR 24,00 je Aktie. Die neuen Aktien wurden gem\u00e4\u00df den anwendbaren Ausnahmebestimmungen f\u00fcr Privatplatzierungen in Europa prospektfrei bei internationalen institutionellen Investoren, Organmitgliedern der Gesellschaft und weiteren F\u00fchrungskr\u00e4ften der Allgeier-Gruppe platziert. Bei der Festlegung des Platzierungspreises wurde auch ber\u00fccksichtigt, dass die neuen Aktien nur f\u00fcr das laufende Gesch\u00e4ftsjahr 2019 gewinnberechtigt sind und die Hauptversammlung der Gesellschaft \u00fcber die Gewinnverwendung f\u00fcr das vergangene Gesch\u00e4ftsjahr 2018 noch nicht beschlossen hat.<br \/>\u00a0<\/p>\n<p>Nach Eintragung der Durchf\u00fchrung der Kapitalerh\u00f6hung in das Handelsregister des Amtsgerichts M\u00fcnchen betr\u00e4gt das neue Grundkapital EUR 11.086.513,00 und ist eingeteilt in 11.086.513 auf den Namen lautenden St\u00fcckaktien. Die Eintragung der Durchf\u00fchrung der Kapitalerh\u00f6hung in das Handelsregister des Amtsgerichts M\u00fcnchen erfolgt voraussichtlich am 17. Juni 2019. Die neuen Aktien werden prospektfrei voraussichtlich am 17. Juni 2019 zum Handel im regulierten Markt an der Frankfurter Wertpapierb\u00f6rse (General Standard) zugelassen. Die Notierungsaufnahme der neuen Aktien aus der Kapitalerh\u00f6hung unter der ISIN DE000A2YNUT5 ist f\u00fcr den 20. Juni 2019 vorgesehen. Nach der am 28. Juni 2019 stattfindenden ordentlichen Hauptversammlung der Gesellschaft, voraussichtlich am 3. Juli 2019, werden die neuen Aktien in die bestehende Notierung der Aktien der Gesellschaft (ISIN DE000A2GS633) einbezogen.<br \/>\u00a0<\/p>\n<p>Durch die Kapitalerh\u00f6hung flie\u00dft der Gesellschaft ein Bruttoemissionserl\u00f6s in H\u00f6he von EUR 23.948.736,00 zu, der zur Finanzierung weiterer Wachstumsinvestitionen sowie zur Durchf\u00fchrung weiterer Akquisitionen verwendet werden soll.<br \/>\u00a0<\/p>\n<p><u>Wichtige Hinweise<\/u>:<\/p>\n<p>Die in diesem Dokument enthaltenen Informationen sind nicht zur Weitergabe in die USA, Australien, Kanada oder Japan bzw. zur Ver\u00f6ffentlichung in den USA, Australien, Kanada oder Japan bestimmt.<br \/>\u00a0<\/p>\n<p>Dieses Dokument stellt weder ein Angebot zum Verkauf noch eine Aufforderung zum Kauf von Wertpapieren dar.<br \/>\u00a0<\/p>\n<p>Dieses Dokument ist insbesondere kein Angebot zum Kauf von Wertpapieren in den Vereinigten Staaten von Amerika. Wertpapiere d\u00fcrfen in den Vereinigten Staaten von Amerika nur mit vorheriger Registrierung unter den Vorschriften des U.S. Securities Act von 1933 in derzeit g\u00fcltiger Fassung oder ohne vorherige Registrierung nur aufgrund einer Ausnahmeregelung verkauft oder zum Kauf angeboten werden. Die Aktien der Allgeier SE sind nicht und werden nicht nach den Vorschriften des U.S. Securities Act von 1933 in derzeit g\u00fcltiger Fassung registriert und werden in den Vereinigten Staaten von Amerika weder verkauft noch zum Kauf angeboten.<br \/>\u00a0<\/p>\n<p>Kontakt:<\/p>\n<p>Allgeier SE<br \/>Corporate Communications &amp; Investor Relations<br \/>Dr. Christopher Gro\u00dfe<br \/>Wehrlestra\u00dfe 12<br \/>81679 M\u00fcnchen<br \/>Tel.: +49 (0)89\/998421-0<br \/>Fax: +49 (0)89\/998421-11<br \/>E-Mail: <a href=\"mailto:ir@allgeier.com\" target=\"_blank\">ir@allgeier.com<\/a><br \/>Web: <a href=\"https:\/\/link.cockpit.eqs.com\/cgi-bin\/fncls.ssp?fn=redirect&amp;url=f7a71e6582574a658221d7c7e5016043&amp;application_id=824451&amp;site_id=news_data&amp;application_name=news\" target=\"_blank\">www.allgeier.com<\/a><\/p>\n<p>Allgeier SE ist eines der f\u00fchrenden IT-Unternehmen f\u00fcr digitale Transformation: Mit einer auf Innovationen und Zukunftstrends ausgerichteten Wachstumsstrategie sowie einem integrativen unternehmerischen Modell ergreift Allgeier die Chancen der Digitalisierung. Vier Segmente mit individuellen fachlichen und branchenbezogenen Schwerpunkten arbeiten gemeinsam f\u00fcr rund 3.000 Kunden aus nahezu allen Branchen. Mit \u00fcber 9.600 angestellten Mitarbeitern und mehr als 1.300 freiberuflichen Experten bietet Allgeier den Kunden als One-Stop-Shop ein umfassendes L\u00f6sungs- und Leistungsportfolio. Allgeier bildet mit einem hochflexiblen Delivery-Modell das komplette IT-Leistungsspektrum von Onsite \u00fcber Nearshore bis hin zu Offshore ab: Mit starken Standbeinen in Indien, China, Vietnam und Osteuropa werden Flexibilit\u00e4t und h\u00f6chste Skalierbarkeit der Leistungen sowie hochqualifiziertes Expertenwissen in der High-End-Softwareentwicklung sichergestellt. Zu den Kunden von Allgeier z\u00e4hlen global arbeitende Konzerne ebenso wie innovative mittelst\u00e4ndische Betriebe, die sich durch leistungsstarke IT-L\u00f6sungen, intelligente Software und flexible Personaldienstleistungen strategische Vorteile sichern wollen. Die stark wachsende Gruppe mit Hauptsitz in M\u00fcnchen verf\u00fcgt \u00fcber weltweit mehr als 140 Niederlassungen in vierzehn europ\u00e4ischen L\u00e4ndern sowie in Indien, China, Singapur, Vietnam, Thailand, Malaysia, Japan, den Vereinigten Arabischen Emiraten, S\u00fcdafrika, Mauritius, Australien, Mexiko, Kanada und in den USA. Im Gesch\u00e4ftsjahr 2018 erzielte Allgeier im fortgef\u00fchrten Gesch\u00e4ft einen Umsatz von 687 Mio. Euro. Allgeier SE z\u00e4hlt gem\u00e4\u00df L\u00fcnendonk(R)-Liste 2018 zu den zehn f\u00fchrenden IT-Beratungs- und Systemintegrations-Unternehmen in Deutschland. Allgeier Experts ist nach L\u00fcnendonk(R)-Marktsegmentstudie 2018 &#8222;Der Markt f\u00fcr Rekrutierung, Vermittlung und Steuerung von IT-Freelancern in Deutschland&#8220; unter den TOP 3 IT-Personaldienstleistern in Deutschland. Allgeier SE ist am Regulierten Markt der Frankfurter Wertpapierb\u00f6rse im General Standard gelistet (WKN A2GS63, ISIN DE000A2GS633). Weitere Informationen unter: <a href=\"https:\/\/link.cockpit.eqs.com\/cgi-bin\/fncls.ssp?fn=redirect&amp;url=f7a71e6582574a658221d7c7e5016043&amp;application_id=824451&amp;site_id=news_data&amp;application_name=news\" target=\"_blank\">www.allgeier.com<\/a>.<\/p>\n<p>\u00a0<\/div>\n","protected":false},"excerpt":{"rendered":"<p>ALLGEIER SE \/ Schlagwort(e): Kapitalerh\u00f6hung Allgeier schlie\u00dft Kapitalerh\u00f6hung erfolgreich ab 13.06.2019 \/ 21:44 CET\/CEST Ver\u00f6ffentlichung einer Insiderinformationen nach Artikel 17 der Verordnung (EU) Nr. 596\/2014, \u00fcbermittelt durch DGAP &#8211; ein Service der EQS Group AG. F\u00fcr den Inhalt der Mitteilung<\/p>\n","protected":false},"author":2,"featured_media":0,"comment_status":"close","ping_status":"","sticky":false,"template":"","format":"standard","meta":{"footnotes":""},"categories":[14],"tags":[40],"class_list":["post-1199","post","type-post","status-publish","format-standard","hentry","category-ad-hoc-mitteilungen","tag-ad-hoc-mitteilungen"],"_links":{"self":[{"href":"https:\/\/allgeier-se.seowerk.net\/de\/wp-json\/wp\/v2\/posts\/1199","targetHints":{"allow":["GET"]}}],"collection":[{"href":"https:\/\/allgeier-se.seowerk.net\/de\/wp-json\/wp\/v2\/posts"}],"about":[{"href":"https:\/\/allgeier-se.seowerk.net\/de\/wp-json\/wp\/v2\/types\/post"}],"author":[{"embeddable":true,"href":"https:\/\/allgeier-se.seowerk.net\/de\/wp-json\/wp\/v2\/users\/2"}],"replies":[{"embeddable":true,"href":"https:\/\/allgeier-se.seowerk.net\/de\/wp-json\/wp\/v2\/comments?post=1199"}],"version-history":[{"count":1,"href":"https:\/\/allgeier-se.seowerk.net\/de\/wp-json\/wp\/v2\/posts\/1199\/revisions"}],"predecessor-version":[{"id":1200,"href":"https:\/\/allgeier-se.seowerk.net\/de\/wp-json\/wp\/v2\/posts\/1199\/revisions\/1200"}],"wp:attachment":[{"href":"https:\/\/allgeier-se.seowerk.net\/de\/wp-json\/wp\/v2\/media?parent=1199"}],"wp:term":[{"taxonomy":"category","embeddable":true,"href":"https:\/\/allgeier-se.seowerk.net\/de\/wp-json\/wp\/v2\/categories?post=1199"},{"taxonomy":"post_tag","embeddable":true,"href":"https:\/\/allgeier-se.seowerk.net\/de\/wp-json\/wp\/v2\/tags?post=1199"}],"curies":[{"name":"wp","href":"https:\/\/api.w.org\/{rel}","templated":true}]}}