{"id":1185,"date":"2019-10-25T18:18:23","date_gmt":"2019-10-25T16:18:23","guid":{"rendered":"https:\/\/allgeier-se.seowerk.net\/?p=1185"},"modified":"2025-02-11T15:21:01","modified_gmt":"2025-02-11T14:21:01","slug":"allgeier-se-allgeier-erzielt-in-den-ersten-drei-quartalen-2019-zweistelliges-wachstum-in-umsatz-und-ebitda","status":"publish","type":"post","link":"https:\/\/allgeier-se.seowerk.net\/de\/ad-hoc-mitteilungen\/allgeier-se-allgeier-erzielt-in-den-ersten-drei-quartalen-2019-zweistelliges-wachstum-in-umsatz-und-ebitda\/","title":{"rendered":"Allgeier SE: Allgeier erzielt in den ersten drei Quartalen 2019 zweistelliges Wachstum in Umsatz und EBITDA"},"content":{"rendered":"<div class=\"break-word news_main\">\n<p style=\"text-align: justify\"><i>M\u00fcnchen, 25. Oktober 2019 &#8211;<\/i> Allgeier SE (ISIN DE000A2GS633, WKN A2GS63) erzielt in den ersten neun Monaten 2019 (01. Januar 2019 &#8211; 30. September 2019) gem\u00e4\u00df vorl\u00e4ufiger Zahlen weiteres Wachstum in Umsatz und EBITDA.<\/p>\n<p style=\"text-align: justify\">Gesch\u00e4ftsentwicklung in den ersten neun Monaten 2019<\/p>\n<p style=\"text-align: justify\">Der Konzernumsatz stieg in den ersten neun Monaten 2019 gegen\u00fcber den ersten drei Quartalen des Vorjahres um 16 Prozent auf 584 Mio. Euro (fortgef\u00fchrtes Gesch\u00e4ft des Vorjahres: 503 Mio. Euro). Die Wertsch\u00f6pfung (definiert als Gesamtleistung abz\u00fcglich der den Ums\u00e4tzen direkt zurechenbaren Umsatz- und Personalkosten) erh\u00f6hte sich um 21 Prozent auf 169 Mio. Euro (Vorjahr: 140 Mio. Euro), was einer Rohmarge von 28,9 Prozent entspricht (Vorjahr: 27,8 Prozent).<\/p>\n<p style=\"text-align: justify\">Das bereinigte Konzern-EBITDA der Periode (EBITDA vor Effekten, die betriebswirtschaftlich als au\u00dferordentlich oder periodenfremd qualifiziert werden) wuchs um 22 Prozent auf 51 Mio. Euro (Vorjahr: 41,9 Mio. Euro). In dieser Zahl sind zu Zwecken der Vergleichbarkeit der Gesch\u00e4ftsjahre und der transparenten Darstellung der operativen Ertragskraft au\u00dferordentliche und periodenfremde Aufwendungen in H\u00f6he von 6,5 Mio. Euro bereinigt; im Vergleichszeitraum des Vorjahres hatten sich die entsprechenden au\u00dferordentlichen Effekte zu einem Aufwand von 6,3 Mio. Euro saldiert. Die au\u00dferordentlichen Effekte des Jahres 2019 betreffen vor allem au\u00dferordentliche Kosten aus der Restrukturierung im Segment Experts. Damit erzielte der Konzern in den ersten drei Quartalen 2019 eine bereinigte EBITDA-Marge von 8,8 Prozent (Vorjahr: 8,3 Prozent). Die Ergebnissteigerung wird wesentlich von den beiden strategischen Konzernsegmenten Technology und Enterprise Services getragen, die in Summe ihr vorl\u00e4ufiges bereinigtes EBITDA um 34 Prozent auf 53 Mio. Euro (Vorjahr: 39,5 Mio. Euro) erh\u00f6hten. Das Segment Experts erzielte nach deutlicher Ergebniserholung im dritten Quartal ein bereinigtes EBITDA von 6 Mio. Euro (Vorjahr: 8,9 Mio. Euro). Das Konzern-EBITDA stieg unter Einbeziehung der au\u00dferordentlichen Effekte um 25 Prozent auf 44 Mio. Euro (Vorjahr: 35,6 Mio. Euro). Das Konzern-EBIT betrug 22 Mio. Euro (Vorjahr: 18,1 Mio. Euro) und stieg damit um 21 Prozent.<\/p>\n<p style=\"text-align: justify\">Gesch\u00e4ftsentwicklung im dritten Quartal 2019<\/p>\n<p style=\"text-align: justify\">Im dritten Quartal 2019 (01. Juli 2019 &#8211; 30. September 2019) verzeichnete der Konzern einen Anstieg des Umsatzes gegen\u00fcber dem Vergleichszeitraum des Vorjahres um 16 Prozent auf 203 Mio. Euro (Vorjahr: 175,6 Mio. Euro). Im selben Zeitraum stieg die Wertsch\u00f6pfung um 25 Prozent auf 62 Mio. Euro (Vorjahr: 50,1 Mio. Euro), was einer Rohmarge von 30 Prozent entspricht (Vorjahr: 28,5 Prozent). Das um au\u00dferordentliche oder periodenfremde Effekte bereinigte Konzern-EBITDA lag mit 22 Mio. Euro um 42 Prozent \u00fcber dem Ergebnis der Vorjahresperiode (Vorjahr: 15,5 Mio. Euro). Das entspricht einer bereinigten EBITDA-Marge von 11 Prozent (Vorjahr: 8,9 Prozent). Die bereinigten au\u00dferordentlichen und periodenfremden Effekte betrugen im dritten Quartal 2019 in Summe ca. minus 3 Mio. Euro (Vorjahr: minus 2,2 Mio. Euro). Unter Einbeziehung der au\u00dferordentlichen und periodenfremden Effekte betrug das Konzern-EBITDA des dritten Quartals 19 Mio. Euro (Vorjahr: 13,3 Mio. Euro), was einer Steigerung um 42 Prozent gegen\u00fcber dem Vergleichszeitraum des Vorjahres entspricht. Das vorl\u00e4ufige Konzern-EBIT (Ergebnis vor Zinsen und Steuern) betrug im selben Zeitraum 11 Mio. Euro (Vorjahr: 7,0 Mio. Euro), was einer Steigerung von 62 Prozent entspricht.<\/p>\n<p style=\"text-align: justify\">Umsetzung des IFRS 16<\/p>\n<p style=\"text-align: justify\">In den ersten neun Monaten 2019 wurde der ab dem 01. Januar 2019 verpflichtend nach IFRS anzuwendende Standard zur Bilanzierung der Miet- und Leasingvertr\u00e4ge umgesetzt (IFRS 16). Der Allgeier Konzern nimmt die Umstellung nach der retrograden Methode vor, womit die Vorjahreszahlen an die Berichterstattung der ersten drei Quartale 2019 angepasst wurden und die Vergleichbarkeit der Zahlen gew\u00e4hrleistet ist.<\/p>\n<p style=\"text-align: justify\">Eckdaten der Bilanz zum 30. September 2019<\/p>\n<p style=\"text-align: justify\">Das Konzerneigenkapital betrug zum Bilanzstichtag 30. September 2019 160 Mio. Euro (31. Dezember 2018: 130,6 Mio. Euro). Die liquiden Mittel blieben mit 77 Mio. Euro konstant (31. Dezember 2018: 77,0 Mio. Euro). Die verzinslichen Finanzschulden fielen zum Stichtag 30. September 2019 aufgrund der R\u00fcckf\u00fchrung von Bankdarlehen auf 169 Mio. Euro (31. Dezember 2018: 181,7 Mio. Euro), davon sind 146 Mio. Euro als langfristige Finanzschulden zu qualifizieren (31. Dezember 2018: 150,3 Mio. Euro). Die Bilanzsumme erh\u00f6hte sich zum Ende des dritten Quartals 2019 auf 580 Mio. Euro (31. Dezember 2018: 536,6 Mio. Euro).<\/p>\n<p style=\"text-align: justify\">Ausblick auf das vierte Quartal 2019<\/p>\n<p style=\"text-align: justify\">Vor dem Hintergrund der sehr guten Gesch\u00e4ftsentwicklung im dritten Quartal h\u00e4lt die Allgeier SE f\u00fcr das laufende Gesch\u00e4ftsjahr an der im Gesch\u00e4ftsbericht 2018 vorgenommenen Umsatz- und Ergebnisprognose f\u00fcr den Gesamt-Konzern fest.<\/p>\n<p style=\"text-align: justify\">Hinweis<\/p>\n<p style=\"text-align: justify\">Alle genannten Zahlen der ersten drei Quartale 2019 sind gem\u00e4\u00df IFRS ermittelt und nicht auditiert. Die freiwillige Zwischenformation der Allgeier SE zum 30. September 2019 wird am 14. November 2019 ver\u00f6ffentlicht und ist dann unter www.allgeier.com einzusehen.<\/p>\n<p style=\"text-align: justify\">Kontakt:<\/p>\n<p>Allgeier SE<br \/>Corporate Communications &amp; Investor Relations<br \/>Dr. Christopher Gro\u00dfe<br \/>Einsteinstra\u00dfe 172<br \/>81677 M\u00fcnchen<br \/>Tel.: +49 (0)89\/998421-0<br \/>Fax: +49 (0)89\/998421-11<br \/>E-Mail: ir@allgeier.com<br \/>Web: www.allgeier.com<\/p>\n<p style=\"text-align: justify\">Allgeier SE ist eines der f\u00fchrenden Technologie-Unternehmen f\u00fcr digitale Transformation: Allgeier f\u00fchrt seine Kunden durch die Herausforderungen der digitalen Transformation, um ihren zuk\u00fcnftigen Erfolg sicherzustellen. F\u00fcr globale Konzerne ebenso wie f\u00fcr markt- und branchenf\u00fchrende Unternehmen aus zahlreichen Branchen und M\u00e4rkten erzielt Allgeier Durchbr\u00fcche hin zu neuen digitalen Gesch\u00e4ftsmodellen, definiert strategische Priorit\u00e4ten und realisiert mit hoher Flexibilit\u00e4t und Zugkraft bahnbrechende Projekte, um agile und intelligente Organisationen f\u00fcr das digitale Zeitalter zu gestalten. Mit rund 10.000 angestellten Mitarbeitern und mehr als 1.000 freiberuflichen Experten bildet Allgeier mit einem hochflexiblen Delivery-Modell das komplette IT-Leistungsspektrum von Onsite \u00fcber Nearshore bis hin zu Offshore ab &#8211; mit starken Standbeinen in Indien, China, Vietnam und Osteuropa. Die stark wachsende Gruppe mit Hauptsitz in M\u00fcnchen verf\u00fcgt \u00fcber weltweit mehr als 140 Niederlassungen in 28 L\u00e4ndern auf f\u00fcnf Kontinenten. Im Gesch\u00e4ftsjahr 2018 erzielte Allgeier im fortgef\u00fchrten Gesch\u00e4ft mit mehr als 2.000 Kunden einen Umsatz von 687 Mio. Euro. Allgeier z\u00e4hlt gem\u00e4\u00df L\u00fcnendonk(R)-Liste 2019 zu den zehn f\u00fchrenden IT-Beratungs- und Systemintegrations-Unternehmen in Deutschland. Allgeier Experts ist nach L\u00fcnendonk(R)-Marktsegmentstudie 2019 &#8222;Der Markt f\u00fcr Rekrutierung, Vermittlung und Steuerung von IT-Freelancern in Deutschland&#8220; unter den TOP 3 IT-Personaldienstleistern in Deutschland. Allgeier SE ist am Regulierten Markt der Frankfurter Wertpapierb\u00f6rse im General Standard gelistet (WKN A2GS63, ISIN DE000A2GS633). Weitere Informationen unter: <a href=\"https:\/\/link.cockpit.eqs.com\/cgi-bin\/fncls.ssp?fn=redirect&amp;url=f7a71e6582574a658221d7c7e5016043&amp;application_id=897611&amp;site_id=news_data&amp;application_name=news\" target=\"_blank\">www.allgeier.com<\/a>.<\/p>\n<div style=\"text-align: justify\">\u00a0<\/div>\n<\/div>\n","protected":false},"excerpt":{"rendered":"<p>ALLGEIER SE \/ Schlagwort(e): 9-Monatszahlen Allgeier SE: Allgeier erzielt in den ersten drei Quartalen 2019 zweistelliges Wachstum in Umsatz und EBITDA 25.10.2019 \/ 18:18 CET\/CEST Ver\u00f6ffentlichung einer Insiderinformation nach Artikel 17 der Verordnung (EU) Nr. 596\/2014, \u00fcbermittelt durch DGAP &#8211; ein<\/p>\n","protected":false},"author":2,"featured_media":0,"comment_status":"close","ping_status":"","sticky":false,"template":"","format":"standard","meta":{"footnotes":""},"categories":[14],"tags":[40],"class_list":["post-1185","post","type-post","status-publish","format-standard","hentry","category-ad-hoc-mitteilungen","tag-ad-hoc-mitteilungen"],"_links":{"self":[{"href":"https:\/\/allgeier-se.seowerk.net\/de\/wp-json\/wp\/v2\/posts\/1185","targetHints":{"allow":["GET"]}}],"collection":[{"href":"https:\/\/allgeier-se.seowerk.net\/de\/wp-json\/wp\/v2\/posts"}],"about":[{"href":"https:\/\/allgeier-se.seowerk.net\/de\/wp-json\/wp\/v2\/types\/post"}],"author":[{"embeddable":true,"href":"https:\/\/allgeier-se.seowerk.net\/de\/wp-json\/wp\/v2\/users\/2"}],"replies":[{"embeddable":true,"href":"https:\/\/allgeier-se.seowerk.net\/de\/wp-json\/wp\/v2\/comments?post=1185"}],"version-history":[{"count":1,"href":"https:\/\/allgeier-se.seowerk.net\/de\/wp-json\/wp\/v2\/posts\/1185\/revisions"}],"predecessor-version":[{"id":1186,"href":"https:\/\/allgeier-se.seowerk.net\/de\/wp-json\/wp\/v2\/posts\/1185\/revisions\/1186"}],"wp:attachment":[{"href":"https:\/\/allgeier-se.seowerk.net\/de\/wp-json\/wp\/v2\/media?parent=1185"}],"wp:term":[{"taxonomy":"category","embeddable":true,"href":"https:\/\/allgeier-se.seowerk.net\/de\/wp-json\/wp\/v2\/categories?post=1185"},{"taxonomy":"post_tag","embeddable":true,"href":"https:\/\/allgeier-se.seowerk.net\/de\/wp-json\/wp\/v2\/tags?post=1185"}],"curies":[{"name":"wp","href":"https:\/\/api.w.org\/{rel}","templated":true}]}}